{"id":9919,"date":"2025-12-19T09:35:21","date_gmt":"2025-12-19T09:35:21","guid":{"rendered":"https:\/\/areabadalona.com\/diario\/?p=9919"},"modified":"2025-12-29T09:36:09","modified_gmt":"2025-12-29T09:36:09","slug":"albiol-i-generalitat-deixen-sense-programes-socials-els-barris-de-badalona-sud","status":"publish","type":"post","link":"https:\/\/areabadalona.com\/diario\/2025\/12\/19\/albiol-i-generalitat-deixen-sense-programes-socials-els-barris-de-badalona-sud\/","title":{"rendered":"Albiol i Generalitat deixen sense programes socials els barris de Badalona Sud"},"content":{"rendered":"\n<p>En Com\u00fa Podem ha votat en contra de la dissoluci\u00f3 del Consorci Badalona Sud, aprovat pels governs d\u2019Albiol i Generalitat, deixant sense programes socials els barris de Sant Roc, Remei, Artigues i el Congr\u00e9s.&nbsp;<\/p>\n\n\n\n<p>La presidenta del grup municipal Badalona En Com\u00fa Podem, A\u00efda Llaurad\u00f3, ha denunciat que la decisi\u00f3 arriba en un moment de<strong><em>&nbsp;\u201ccinisme pol\u00edtic absolut<\/em><\/strong>\u201d, nom\u00e9s dos dies despr\u00e9s del desallotjament del B9, mentre l\u2019alcalde intenta \u00abvendre\u00bb un discurs de suport als ve\u00efns i ve\u00efnes.&nbsp;<\/p>\n\n\n\n<p>\u201c<strong><em>Ajuntament i Generalitat s\u2019han posat d\u2019acord no per refor\u00e7ar serveis, sin\u00f3 per eliminar-los. Aix\u00f2 \u00e9s el paradigma de l\u2019abandonament total d\u2019aquests barris<\/em><\/strong>\u201d, ha afirmat Llaurad\u00f3. Badalona En Com\u00fa alerta que el govern d\u2019Albiol desmantella espais i instruments de coordinaci\u00f3 social sense posar en marxa cap alternativa, en uns barris on continuen sense resposta a problemes greus i estructurals de pobresa i complexitat social.&nbsp;<\/p>\n\n\n\n<p>En aquest sentit, la Generalitat havia anunciat l&#8217;aportaci\u00f3 de 415.000 euros per a l&#8217;any 2024 que aquest any ja s&#8217;han perdut. A m\u00e9s, des de fa anys enrere la Generalitat havia anat redu\u00efnt la seva inversi\u00f3 a aquests barris en el marc del Consorci.&nbsp;<\/p>\n\n\n\n<p>En Com\u00fa Podem defensa serveis que havia impulsat el Consorci Badalona Sud i ara es queden sense aquest suport finan\u00e7ament, i en molts casos la seva desaparici\u00f3. Els que puguin quedar ser\u00e0 pel propi finan\u00e7ament de l&#8217;entitat que les sustenta.<\/p>\n\n\n\n<p>Amb tot, Llaurad\u00f3 denuncia l&#8217;abandonament i desaparici\u00f3 dels seg\u00fcents serveis per la dissoluci\u00f3 del Consorci:<\/p>\n\n\n\n<ul class=\"wp-block-list\">\n<li>Pla contra l\u2019absentisme escolar<\/li>\n\n\n\n<li>Servei contra les viol\u00e8ncies masclistes i treball comunitari amb dones en situaci\u00f3 de vulnerabilitat<\/li>\n\n\n\n<li>Activitats extraescolars esportives per a infants i joves<\/li>\n\n\n\n<li>Servei d\u2019atenci\u00f3 a la nova ciutadania, per persones migrades.\u00a0<\/li>\n\n\n\n<li>Servei de conciliaci\u00f3 per infants que han de rebre un servei de canguratge degut a la complexitat de la seva situaci\u00f3 familiar.\u00a0<\/li>\n<\/ul>\n\n\n\n<p>En Com\u00fa Podem tamb\u00e9 defensa el finan\u00e7ament que rebien altres projectes de salut mental, orientaci\u00f3 laboral i suport comunitari, entre molts altres, que queden nom\u00e9s en mans d&#8217;entitats, i es veuran redu\u00efdes.&nbsp;<\/p>\n\n\n\n<p>\u201c<strong><em>Tenim ve\u00efns i ve\u00efnes sense serveis b\u00e0sics ni suport social, i entitats ofegades perqu\u00e8 l\u2019Ajuntament paga tard i malament<\/em><\/strong>\u201d, ha denunciat la regidora. A dia d&#8217;avui, les subvencions de 2023 encara no s&#8217;han pagat.&nbsp;<\/p>\n\n\n\n<p>Llaurad\u00f3 tamb\u00e9 ha criticat que el govern municipal deixi degradar els barris de Badalona Sud mentre concentra esfor\u00e7os a blindar el centre de la ciutat i l\u2019entorn de l\u2019Ajuntament per evitar una concentraci\u00f3 a la pla\u00e7a de la Vila. \u201c<strong><em>Aquesta \u00e9s la manera com Albiol diu que defensa els seus ve\u00efns i ve\u00efnes: abandonant-los, sense serveis i sense solucions<\/em><\/strong>\u201d, ha concl\u00f2s.<\/p>\n\n\n\n<p>Badalona En Com\u00fa reclama al govern del PP i PSC a la Generalitat, que aturin aquest desmantellament, assumeixin responsabilitats i posin en marxa pol\u00edtiques p\u00fabliques reals, coordinades i amb recursos per garantir drets i dignitat als barris del sud de Badalona.<\/p>\n\n\n\n<p><strong>Equip de Comunicaci\u00f3 Badalona En Com\u00fa<\/strong><\/p>\n","protected":false},"excerpt":{"rendered":"<p>En Com\u00fa Podem ha votat en contra de la dissoluci\u00f3 del Consorci Badalona Sud, aprovat pels governs d\u2019Albiol i Generalitat, deixant sense programes socials els barris de Sant Roc, Remei, Artigues i el Congr\u00e9s.&nbsp; La presidenta del grup municipal Badalona En Com\u00fa Podem, A\u00efda Llaurad\u00f3, ha denunciat que la decisi\u00f3 arriba en un moment de&nbsp;\u201ccinisme [&hellip;]<\/p>\n","protected":false},"author":2,"featured_media":9920,"comment_status":"closed","ping_status":"open","sticky":false,"template":"","format":"standard","meta":{"footnotes":""},"categories":[23],"tags":[],"class_list":{"0":"post-9919","1":"post","2":"type-post","3":"status-publish","4":"format-standard","5":"has-post-thumbnail","7":"category-actualitat"},"_links":{"self":[{"href":"https:\/\/areabadalona.com\/diario\/wp-json\/wp\/v2\/posts\/9919","targetHints":{"allow":["GET"]}}],"collection":[{"href":"https:\/\/areabadalona.com\/diario\/wp-json\/wp\/v2\/posts"}],"about":[{"href":"https:\/\/areabadalona.com\/diario\/wp-json\/wp\/v2\/types\/post"}],"author":[{"embeddable":true,"href":"https:\/\/areabadalona.com\/diario\/wp-json\/wp\/v2\/users\/2"}],"replies":[{"embeddable":true,"href":"https:\/\/areabadalona.com\/diario\/wp-json\/wp\/v2\/comments?post=9919"}],"version-history":[{"count":1,"href":"https:\/\/areabadalona.com\/diario\/wp-json\/wp\/v2\/posts\/9919\/revisions"}],"predecessor-version":[{"id":9921,"href":"https:\/\/areabadalona.com\/diario\/wp-json\/wp\/v2\/posts\/9919\/revisions\/9921"}],"wp:featuredmedia":[{"embeddable":true,"href":"https:\/\/areabadalona.com\/diario\/wp-json\/wp\/v2\/media\/9920"}],"wp:attachment":[{"href":"https:\/\/areabadalona.com\/diario\/wp-json\/wp\/v2\/media?parent=9919"}],"wp:term":[{"taxonomy":"category","embeddable":true,"href":"https:\/\/areabadalona.com\/diario\/wp-json\/wp\/v2\/categories?post=9919"},{"taxonomy":"post_tag","embeddable":true,"href":"https:\/\/areabadalona.com\/diario\/wp-json\/wp\/v2\/tags?post=9919"}],"curies":[{"name":"wp","href":"https:\/\/api.w.org\/{rel}","templated":true}]}}