{"id":9906,"date":"2025-12-18T09:37:06","date_gmt":"2025-12-18T09:37:06","guid":{"rendered":"https:\/\/areabadalona.com\/diario\/?p=9906"},"modified":"2025-12-19T09:37:43","modified_gmt":"2025-12-19T09:37:43","slug":"els-divendres-19-i-26-de-desembre-i-el-2-de-gener-de-2026-els-encants-de-montigala-es-faran-a-la-rambla-de-sant-joan","status":"publish","type":"post","link":"https:\/\/areabadalona.com\/diario\/2025\/12\/18\/els-divendres-19-i-26-de-desembre-i-el-2-de-gener-de-2026-els-encants-de-montigala-es-faran-a-la-rambla-de-sant-joan\/","title":{"rendered":"Els divendres 19 i 26 de desembre i el 2 de gener de 2026 els encants de Montigal\u00e0 es faran a la rambla de Sant Joan"},"content":{"rendered":"\n<p>Els divendres 19 i 26 de desembre de 2025 i el 2 de gener de 2025 el mercat ambulant que es celebra cada divendres al parc de Montigal\u00e0 es muntar\u00e0 a la rambla de Sant Joan. Aquest canvi \u00e9s a causa de la instal\u00b7laci\u00f3 del Campament Reial que, durant aquests dies de Nadal, s\u2019establir\u00e0 al parc de Montigal\u00e0 on normalment s\u2019empla\u00e7a el mercat.<\/p>\n\n\n\n<p>Aquesta modificaci\u00f3 provoca que durant aquests tres divendres, des de les 6 fins a les 16 hores, quedar\u00e0 tallada la circulaci\u00f3 de vehicles a la rambla de Sant Joan. La restricci\u00f3 del tr\u00e0nsit rodat afectar\u00e0 tamb\u00e9 els trajectes de les l\u00ednies d\u2019autobusos (B5, B24, M27 i M28) que tindran una ruta alternativa. Per tenir m\u00e9s informaci\u00f3 sobre aquests canvis es pot trucar al tel\u00e8fon d\u2019atenci\u00f3 al client de Direxis Tusgsal 900 90 90 61 (de dilluns a divendres les 24 hores), o a la p\u00e0gina web <a href=\"https:\/\/www.tusgsal.cat\/cat\/\">https:\/\/www.tusgsal.cat\/cat\/<\/a>.<\/p>\n\n\n\n<p>L\u2019horari de muntatge de les parades dels encants a la rambla de Sant Joan ser\u00e0 de 6 a 7.45 hores, \u00e9s a dir; que els vehicles no podran estacionar a la rambla de Sant Joan i tampoc es permetr\u00e0 l\u2019acc\u00e9s de vehicles despr\u00e9s de les 7.45 hores. L\u2019Ajuntament habilitar\u00e0 l\u2019esplanada de terra de la travessera de Montigal\u00e0 per a aparcament dels vehicles.<\/p>\n\n\n\n<p>El dispositiu estar\u00e0 degudament senyalitzat per Gu\u00e0rdia Urbana de Badalona.<\/p>\n\n\n\n<p>Els encants de Montigal\u00e0 recuperaran el seu empla\u00e7ament habitual a partir del 9 de gener de 2026.<\/p>\n","protected":false},"excerpt":{"rendered":"<p>Els divendres 19 i 26 de desembre de 2025 i el 2 de gener de 2025 el mercat ambulant que es celebra cada divendres al parc de Montigal\u00e0 es muntar\u00e0 a la rambla de Sant Joan. Aquest canvi \u00e9s a causa de la instal\u00b7laci\u00f3 del Campament Reial que, durant aquests dies de Nadal, s\u2019establir\u00e0 al [&hellip;]<\/p>\n","protected":false},"author":2,"featured_media":9907,"comment_status":"closed","ping_status":"open","sticky":false,"template":"","format":"standard","meta":{"footnotes":""},"categories":[23],"tags":[],"class_list":{"0":"post-9906","1":"post","2":"type-post","3":"status-publish","4":"format-standard","5":"has-post-thumbnail","7":"category-actualitat"},"_links":{"self":[{"href":"https:\/\/areabadalona.com\/diario\/wp-json\/wp\/v2\/posts\/9906","targetHints":{"allow":["GET"]}}],"collection":[{"href":"https:\/\/areabadalona.com\/diario\/wp-json\/wp\/v2\/posts"}],"about":[{"href":"https:\/\/areabadalona.com\/diario\/wp-json\/wp\/v2\/types\/post"}],"author":[{"embeddable":true,"href":"https:\/\/areabadalona.com\/diario\/wp-json\/wp\/v2\/users\/2"}],"replies":[{"embeddable":true,"href":"https:\/\/areabadalona.com\/diario\/wp-json\/wp\/v2\/comments?post=9906"}],"version-history":[{"count":1,"href":"https:\/\/areabadalona.com\/diario\/wp-json\/wp\/v2\/posts\/9906\/revisions"}],"predecessor-version":[{"id":9908,"href":"https:\/\/areabadalona.com\/diario\/wp-json\/wp\/v2\/posts\/9906\/revisions\/9908"}],"wp:featuredmedia":[{"embeddable":true,"href":"https:\/\/areabadalona.com\/diario\/wp-json\/wp\/v2\/media\/9907"}],"wp:attachment":[{"href":"https:\/\/areabadalona.com\/diario\/wp-json\/wp\/v2\/media?parent=9906"}],"wp:term":[{"taxonomy":"category","embeddable":true,"href":"https:\/\/areabadalona.com\/diario\/wp-json\/wp\/v2\/categories?post=9906"},{"taxonomy":"post_tag","embeddable":true,"href":"https:\/\/areabadalona.com\/diario\/wp-json\/wp\/v2\/tags?post=9906"}],"curies":[{"name":"wp","href":"https:\/\/api.w.org\/{rel}","templated":true}]}}