{"id":9903,"date":"2025-12-18T11:33:48","date_gmt":"2025-12-18T11:33:48","guid":{"rendered":"https:\/\/areabadalona.com\/diario\/?p=9903"},"modified":"2025-12-18T11:33:48","modified_gmt":"2025-12-18T11:33:48","slug":"lespectacle-la-fabrica-de-caramels-del-pare-noel-arriba-divendres-a-badalona","status":"publish","type":"post","link":"https:\/\/areabadalona.com\/diario\/2025\/12\/18\/lespectacle-la-fabrica-de-caramels-del-pare-noel-arriba-divendres-a-badalona\/","title":{"rendered":"L\u2019espectacle \u201cLa F\u00e0brica de caramels del Pare Noel\u201d arriba divendres a Badalona"},"content":{"rendered":"\n<p>Aquest divendres 19 de desembre arriba a Badalona l\u2019espectacle nadalenc <em>La F\u00e0brica de caramels del Pare Noel<\/em>, una proposta per al p\u00fablic familiar impulsada per l\u2019Ajuntament que far\u00e0 gaudir als m\u00e9s petits durant els primers dies de vacances de Nadal. El xou es far\u00e0 di\u00e0riament, des del 19 al 23 de desembre, a la fa\u00e7ana de la Nau 3 de Centre Cultural l\u2019Escorxador. Cada tarda hi haur\u00e0 quatre sessions (a les 18, 19, 20 i 21 hores) amb entrada lliure i aforament limitat. Per evitar cues innecess\u00e0ries, l\u2019acc\u00e9s es tancar\u00e0 quan s\u2019estimi que les persones presents ompliran totes les sessions programades. Hi haur\u00e0 acc\u00e9s preferent sense cua per a infants amb diversitat funcional, discapacitat intel\u00b7lectual i\/o trastorn mental. A m\u00e9s, a les sessions del 20 de desembre de les 18 i les 19 hores hi haur\u00e0 interpretaci\u00f3 en llengua de signes.<\/p>\n\n\n\n<p><strong>Un espectacle visual<\/strong><\/p>\n\n\n\n<p><em>La F\u00e0brica de caramels del Pare Noel<\/em>&nbsp;\u00e9s un espectacle visual (<em>mapping<\/em>) que combina m\u00fasica, actors i ballarins, amb el Pare Noel com a xef d\u2019una f\u00e0brica molt especial que est\u00e0 ubicada a la Nau 3 del Centre Cultural l\u2019Escorxador.<\/p>\n\n\n\n<p>La hist\u00f2ria comen\u00e7a quan una nena de Badalona escriu al Pare Noel demanant que escampi l\u2019esperit nadalenc arreu del m\u00f3n. La resposta arriba en forma de bastons de caramel m\u00e0gics, que, acompanyats de m\u00fasica i dansa, ajudaran a repartir alegria i bons sentiments.<\/p>\n\n\n\n<p>L\u2019espectacle compta amb el Pare Noel acompanyat de cinc cuiners ballarins i dos ajudants fidels que s\u2019encarreguen de preparar i repartir els caramels m\u00e0gics. Al final, tots els assistents rebran un bast\u00f3 de caramel i podran cantar la can\u00e7\u00f3 dels Caramels, tancant una experi\u00e8ncia plena de m\u00e0gia i alegria nadalenca.<\/p>\n","protected":false},"excerpt":{"rendered":"<p>Aquest divendres 19 de desembre arriba a Badalona l\u2019espectacle nadalenc La F\u00e0brica de caramels del Pare Noel, una proposta per al p\u00fablic familiar impulsada per l\u2019Ajuntament que far\u00e0 gaudir als m\u00e9s petits durant els primers dies de vacances de Nadal. El xou es far\u00e0 di\u00e0riament, des del 19 al 23 de desembre, a la fa\u00e7ana [&hellip;]<\/p>\n","protected":false},"author":2,"featured_media":9904,"comment_status":"closed","ping_status":"open","sticky":false,"template":"","format":"standard","meta":{"footnotes":""},"categories":[25],"tags":[],"class_list":{"0":"post-9903","1":"post","2":"type-post","3":"status-publish","4":"format-standard","5":"has-post-thumbnail","7":"category-cultura"},"_links":{"self":[{"href":"https:\/\/areabadalona.com\/diario\/wp-json\/wp\/v2\/posts\/9903","targetHints":{"allow":["GET"]}}],"collection":[{"href":"https:\/\/areabadalona.com\/diario\/wp-json\/wp\/v2\/posts"}],"about":[{"href":"https:\/\/areabadalona.com\/diario\/wp-json\/wp\/v2\/types\/post"}],"author":[{"embeddable":true,"href":"https:\/\/areabadalona.com\/diario\/wp-json\/wp\/v2\/users\/2"}],"replies":[{"embeddable":true,"href":"https:\/\/areabadalona.com\/diario\/wp-json\/wp\/v2\/comments?post=9903"}],"version-history":[{"count":1,"href":"https:\/\/areabadalona.com\/diario\/wp-json\/wp\/v2\/posts\/9903\/revisions"}],"predecessor-version":[{"id":9905,"href":"https:\/\/areabadalona.com\/diario\/wp-json\/wp\/v2\/posts\/9903\/revisions\/9905"}],"wp:featuredmedia":[{"embeddable":true,"href":"https:\/\/areabadalona.com\/diario\/wp-json\/wp\/v2\/media\/9904"}],"wp:attachment":[{"href":"https:\/\/areabadalona.com\/diario\/wp-json\/wp\/v2\/media?parent=9903"}],"wp:term":[{"taxonomy":"category","embeddable":true,"href":"https:\/\/areabadalona.com\/diario\/wp-json\/wp\/v2\/categories?post=9903"},{"taxonomy":"post_tag","embeddable":true,"href":"https:\/\/areabadalona.com\/diario\/wp-json\/wp\/v2\/tags?post=9903"}],"curies":[{"name":"wp","href":"https:\/\/api.w.org\/{rel}","templated":true}]}}