{"id":9900,"date":"2025-12-17T09:30:21","date_gmt":"2025-12-17T09:30:21","guid":{"rendered":"https:\/\/areabadalona.com\/diario\/?p=9900"},"modified":"2025-12-18T09:31:45","modified_gmt":"2025-12-18T09:31:45","slug":"el-veritable-delicte-es-deixar-persones-al-carrer-sense-alternativa","status":"publish","type":"post","link":"https:\/\/areabadalona.com\/diario\/2025\/12\/17\/el-veritable-delicte-es-deixar-persones-al-carrer-sense-alternativa\/","title":{"rendered":"\u201cEl veritable delicte \u00e9s deixar persones al carrer sense alternativa\u201d"},"content":{"rendered":"\n<p>Davant el desallotjament executat avui a l\u2019antic institut B9, En Com\u00fa Podem denuncia la crueltat del desallotjament del B9 per l\u2019abandonament institucional de les persones afectades per part de l\u2019Ajuntament de Badalona i la Generalitat de Catalunya, i contesta a l\u2019alcalde que \u201c<strong><em>el veritable delicte \u00e9s deixar persones al carrer sense alternativa<\/em><\/strong>\u201d.<\/p>\n\n\n\n<p>La presidenta del grup municipal Badalona En Com\u00fa Podem, A\u00efda Llaurad\u00f3, ha denunciat que els Serveis Socials no han at\u00e8s les persones que van sortir volunt\u00e0riament del B9 abans que el desallotjament es produ\u00eds, malgrat la petici\u00f3 expressa perqu\u00e8 se\u2019ls ofer\u00eds atenci\u00f3 i alternatives. En cap moment el govern municipal ha garantit que totes les persones afectades fossin ateses.<\/p>\n\n\n\n<p>Per a En Com\u00fa Podem, posar el focus en l\u2019ocupaci\u00f3 com si fos el problema principal \u00e9s una manipulaci\u00f3 greu del debat p\u00fablic. El que \u00e9s realment un delicte \u00e9s no garantir l\u2019atenci\u00f3 social ni el dret a l\u2019habitatge, tal com estableix l\u2019article 47 de la Constituci\u00f3 Espanyola.<\/p>\n\n\n\n<p>En aquest sentit, Llaurad\u00f3 ha criticat durament l\u2019alcalde de Badalona, Xavier Garcia Albiol, per presentar-se davant els mitjans amb un faristol amb el lema \u201cLa ocupaci\u00f3n es un delito\u201d.<\/p>\n\n\n\n<p>Segons Llaurad\u00f3, \u201c<strong><em>Albiol continua criminalitzant la pobresa i la immigraci\u00f3 mentre evita afrontar dues injust\u00edcies: els preus desorbitats de l\u2019habitatge i una llei d\u2019estrangeria profundament injusta. Els responsables no s\u00f3n les persones vulnerables, sin\u00f3 els especuladors i els poderosos que generen aquest model<\/em><\/strong>\u201d.<\/p>\n\n\n\n<p>Des d\u2019En Com\u00fa Podem denuncien que el govern del PP s\u2019ha mostrat triomfalista davant d\u2019un frac\u00e0s evident de les seves pol\u00edtiques socials, abandonant equipaments p\u00fablics i actuant sense cap pla real d\u2019acompanyament social.<\/p>\n\n\n\n<p>Davant les declaracions del president de la Generalitat, Salvador Illa, afirmant que \u201cs\u2019han de complir totes les lleis\u201d, Llaurad\u00f3 recorda que s\u00f3n precisament la Generalitat i l\u2019Ajuntament de Badalona qui estan incomplint el seu deure legal i pol\u00edtic: garantir pol\u00edtiques efectives d\u2019habitatge i atenci\u00f3 social.<\/p>\n\n\n\n<p>\u201c<strong><em>Complir la llei \u00e9s assegurar alternatives habitacionals i protecci\u00f3 a les persones m\u00e9s vulnerables<\/em><\/strong>\u201d, ha remarcat.<\/p>\n\n\n\n<p>A hores d\u2019ara, hi ha persones disperses pel barri i per la ciutat sense saber on dormiran aquesta nit, sense alternatives ni acompanyament institucional. Aquesta situaci\u00f3 no \u00e9s una fatalitat: \u00e9s el resultat directe de decisions pol\u00edtiques, afirma&nbsp; En Com\u00fa Podem.<\/p>\n\n\n\n<p>La realitat \u00e9s clara: els preus de l\u2019habitatge no deixen de pujar, els salaris no permeten accedir a un lloguer digne, i la combinaci\u00f3 de racisme immobiliari i una llei d\u2019estrangeria injusta est\u00e0 empenyent cada cop m\u00e9s persones al sensellarisme.<\/p>\n\n\n\n<p>\u201c<strong><em>No es pot normalitzar deixar persones al carrer mentre es governa a cop d\u2019esl\u00f2gan. Governar \u00e9s garantir drets, no expulsar persones de la ciutat<\/em><\/strong>\u201d, ha concl\u00f2s Llaurad\u00f3.<\/p>\n\n\n\n<p><strong>Equip de Comunicaci\u00f3<\/strong> <strong>Badalona En Com\u00fa<\/strong><\/p>\n","protected":false},"excerpt":{"rendered":"<p>Davant el desallotjament executat avui a l\u2019antic institut B9, En Com\u00fa Podem denuncia la crueltat del desallotjament del B9 per l\u2019abandonament institucional de les persones afectades per part de l\u2019Ajuntament de Badalona i la Generalitat de Catalunya, i contesta a l\u2019alcalde que \u201cel veritable delicte \u00e9s deixar persones al carrer sense alternativa\u201d. La presidenta del [&hellip;]<\/p>\n","protected":false},"author":2,"featured_media":9901,"comment_status":"closed","ping_status":"open","sticky":false,"template":"","format":"standard","meta":{"footnotes":""},"categories":[23],"tags":[],"class_list":{"0":"post-9900","1":"post","2":"type-post","3":"status-publish","4":"format-standard","5":"has-post-thumbnail","7":"category-actualitat"},"_links":{"self":[{"href":"https:\/\/areabadalona.com\/diario\/wp-json\/wp\/v2\/posts\/9900","targetHints":{"allow":["GET"]}}],"collection":[{"href":"https:\/\/areabadalona.com\/diario\/wp-json\/wp\/v2\/posts"}],"about":[{"href":"https:\/\/areabadalona.com\/diario\/wp-json\/wp\/v2\/types\/post"}],"author":[{"embeddable":true,"href":"https:\/\/areabadalona.com\/diario\/wp-json\/wp\/v2\/users\/2"}],"replies":[{"embeddable":true,"href":"https:\/\/areabadalona.com\/diario\/wp-json\/wp\/v2\/comments?post=9900"}],"version-history":[{"count":1,"href":"https:\/\/areabadalona.com\/diario\/wp-json\/wp\/v2\/posts\/9900\/revisions"}],"predecessor-version":[{"id":9902,"href":"https:\/\/areabadalona.com\/diario\/wp-json\/wp\/v2\/posts\/9900\/revisions\/9902"}],"wp:featuredmedia":[{"embeddable":true,"href":"https:\/\/areabadalona.com\/diario\/wp-json\/wp\/v2\/media\/9901"}],"wp:attachment":[{"href":"https:\/\/areabadalona.com\/diario\/wp-json\/wp\/v2\/media?parent=9900"}],"wp:term":[{"taxonomy":"category","embeddable":true,"href":"https:\/\/areabadalona.com\/diario\/wp-json\/wp\/v2\/categories?post=9900"},{"taxonomy":"post_tag","embeddable":true,"href":"https:\/\/areabadalona.com\/diario\/wp-json\/wp\/v2\/tags?post=9900"}],"curies":[{"name":"wp","href":"https:\/\/api.w.org\/{rel}","templated":true}]}}