{"id":9897,"date":"2025-12-17T09:29:25","date_gmt":"2025-12-17T09:29:25","guid":{"rendered":"https:\/\/areabadalona.com\/diario\/?p=9897"},"modified":"2025-12-18T09:30:11","modified_gmt":"2025-12-18T09:30:11","slug":"el-psc-de-badalona-denuncia-que-lalcalde-albiol-ha-convertit-el-desallotjament-del-b9-en-un-show-mediatic","status":"publish","type":"post","link":"https:\/\/areabadalona.com\/diario\/2025\/12\/17\/el-psc-de-badalona-denuncia-que-lalcalde-albiol-ha-convertit-el-desallotjament-del-b9-en-un-show-mediatic\/","title":{"rendered":"El PSC de Badalona denuncia que l&#8217;alcalde Albiol ha convertit el desallotjament del B9 en un show medi\u00e0tic"},"content":{"rendered":"\n<p>El PSC de Badalona lamenta que el govern d&#8217;Albiol hagi prioritzat l&#8217;espectacle i el m\u00e0rqueting per sobre del rigor i la responsabilitat en el desallotjament de l&#8217;antic institut B9. En aquesta nau hi malvivien prop de 400 persones en una situaci\u00f3 de precarietat extrema, sense que l&#8217;Ajuntament hagi impulsat cap pla social que abordi les causes i les conseq\u00fc\u00e8ncies d&#8217;aquesta realitat. Des del grup socialista es recorda que el govern d&#8217;Albiol va tancar l&#8217;alberg municipal, deixant la ciutat sense cap recurs d&#8217;emerg\u00e8ncia per a persones vulnerables i eliminant l&#8217;\u00fanica alternativa habitacional immediata disponible fins llavors. El president del grup municipal del PSC, Fernando Carrera, ha afirmat: \u00abEl juny del 2023, quan Albiol va tornar a l&#8217;alcaldia, el B9 va ser ocupat, coincidint amb la creaci\u00f3 d&#8217;una regidoria antiocupaci\u00f3 que no ha resolt absolutament res. El PSC sempre ha defensat que els desallotjaments s&#8217;han de fer, per\u00f2 han d&#8217;anar acompanyats d&#8217;un pla social i de salut p\u00fablica que garanteixi alternatives dignes per a les persones i seguretat per als ve\u00efns\u00bb. Carrera ha remarcat que l&#8217;actuaci\u00f3 del govern municipal \u00e9s una prova m\u00e9s de la seva falta de rigor: \u00abBadalona necessita un govern responsable que posi al davant la salut, la seguretat i la conviv\u00e8ncia. El desallotjament del B9 \u00e9s un exemple clar de la deixadesa i de la prioritzaci\u00f3 dels interessos propagand\u00edstics d&#8217;Albiol per sobre de les necessitats reals de la ciutat\u00bb. El PSC de Badalona reclama al govern municipal que abandoni les operacions de m\u00e0rqueting i impulsi de manera urgent pol\u00edtiques socials, d&#8217;habitatge i de salut p\u00fablica que donin resposta a les situacions de vulnerabilitat que es repeteixen a la ciutat.<\/p>\n\n\n\n<p><strong>PSC BDN<\/strong><\/p>\n","protected":false},"excerpt":{"rendered":"<p>El PSC de Badalona lamenta que el govern d&#8217;Albiol hagi prioritzat l&#8217;espectacle i el m\u00e0rqueting per sobre del rigor i la responsabilitat en el desallotjament de l&#8217;antic institut B9. En aquesta nau hi malvivien prop de 400 persones en una situaci\u00f3 de precarietat extrema, sense que l&#8217;Ajuntament hagi impulsat cap pla social que abordi les [&hellip;]<\/p>\n","protected":false},"author":2,"featured_media":9898,"comment_status":"closed","ping_status":"open","sticky":false,"template":"","format":"standard","meta":{"footnotes":""},"categories":[23],"tags":[],"class_list":{"0":"post-9897","1":"post","2":"type-post","3":"status-publish","4":"format-standard","5":"has-post-thumbnail","7":"category-actualitat"},"_links":{"self":[{"href":"https:\/\/areabadalona.com\/diario\/wp-json\/wp\/v2\/posts\/9897","targetHints":{"allow":["GET"]}}],"collection":[{"href":"https:\/\/areabadalona.com\/diario\/wp-json\/wp\/v2\/posts"}],"about":[{"href":"https:\/\/areabadalona.com\/diario\/wp-json\/wp\/v2\/types\/post"}],"author":[{"embeddable":true,"href":"https:\/\/areabadalona.com\/diario\/wp-json\/wp\/v2\/users\/2"}],"replies":[{"embeddable":true,"href":"https:\/\/areabadalona.com\/diario\/wp-json\/wp\/v2\/comments?post=9897"}],"version-history":[{"count":1,"href":"https:\/\/areabadalona.com\/diario\/wp-json\/wp\/v2\/posts\/9897\/revisions"}],"predecessor-version":[{"id":9899,"href":"https:\/\/areabadalona.com\/diario\/wp-json\/wp\/v2\/posts\/9897\/revisions\/9899"}],"wp:featuredmedia":[{"embeddable":true,"href":"https:\/\/areabadalona.com\/diario\/wp-json\/wp\/v2\/media\/9898"}],"wp:attachment":[{"href":"https:\/\/areabadalona.com\/diario\/wp-json\/wp\/v2\/media?parent=9897"}],"wp:term":[{"taxonomy":"category","embeddable":true,"href":"https:\/\/areabadalona.com\/diario\/wp-json\/wp\/v2\/categories?post=9897"},{"taxonomy":"post_tag","embeddable":true,"href":"https:\/\/areabadalona.com\/diario\/wp-json\/wp\/v2\/tags?post=9897"}],"curies":[{"name":"wp","href":"https:\/\/api.w.org\/{rel}","templated":true}]}}