{"id":9894,"date":"2025-12-17T09:27:55","date_gmt":"2025-12-17T09:27:55","guid":{"rendered":"https:\/\/areabadalona.com\/diario\/?p=9894"},"modified":"2025-12-18T09:28:32","modified_gmt":"2025-12-18T09:28:32","slug":"desocupat-lantic-institut-b9-despres-de-dos-anys-de-tramits-judicials","status":"publish","type":"post","link":"https:\/\/areabadalona.com\/diario\/2025\/12\/17\/desocupat-lantic-institut-b9-despres-de-dos-anys-de-tramits-judicials\/","title":{"rendered":"Desocupat l\u2019antic institut B9 despr\u00e9s de dos anys de tr\u00e0mits judicials"},"content":{"rendered":"\n<p>Aquest mat\u00ed efectius dels Mossos d\u2019Esquadra, amb el suport de Gu\u00e0rdia Urbana de Badalona i Policia Nacional, han executat l\u2019ordre de desocupaci\u00f3 de les persones que ocupaven l\u2019edifici de l\u2019antic institut B9 al barri del Remei. L\u2019ordre havia estat dictada per la magistrada titular del Jutjat del Contenci\u00f3s Administratiu n\u00famero 11 de Barcelona atenent la petici\u00f3 efectuada per l\u2019Ajuntament de Badalona, titular de l\u2019immoble.<\/p>\n\n\n\n<p>En declaracions als mitjans de comunicaci\u00f3, l\u2019alcalde de Badalona ha explicat que moltes de les persones que havien ocupat il\u00b7legalment l\u2019equipament ja havien marxat i que, en concret, en les darreres setmanes haurien marxat unes 150. Garcia Albiol ha remarcat que \u201caquesta desocupaci\u00f3 no va contra cap persona en funci\u00f3 del seu origen, color de pell o nacionalitat, va en contra d\u2019una ocupaci\u00f3 il\u00b7legal que ha estat prolongada en el temps i contra comportaments que eren incompatibles amb la conviv\u00e8ncia a Badalona\u201d. Per a l\u2019alcalde, \u201cavui, l\u2019Ajuntament de Badalona, despr\u00e9s d\u2019un proc\u00e9s judicial molt llarg en el temps, m\u00e9s de dos anys, ha pogut executar aquesta actuaci\u00f3 necess\u00e0ria, molt esperada i absolutament justificada\u201d.<\/p>\n\n\n\n<p>Garcia Albiol ha recordat que es va comprometre a posar fi a \u201caquesta ocupaci\u00f3 massiva que estava generant problemes de conviv\u00e8ncia, d\u2019inseguretat i de delinq\u00fc\u00e8ncia, afectant directament els ve\u00efns que viuen al seu entorn\u201d. \u201cVaig dir que traurien aquesta gent i ho hem fet perqu\u00e8 Badalona no pot ser un refugi per a la il\u00b7legalitat, ni per a comportaments conflictius que perjudiquin aquells que volen una cosa tan senzilla i normal com \u00e9s poder viure cadasc\u00fa a casa seva, amb tranquil\u00b7litat, sense por de sortir al carrer\u201d, ha concl\u00f2s l\u2019alcalde.<\/p>\n\n\n\n<p>\u201cEls ve\u00efns han patit una situaci\u00f3 que era insostenible i avui l\u2019Ajuntament ha demostrat que est\u00e0 al seu costat i que davant els problemes reals actuem amb determinaci\u00f3 respectant la legalitat; no hi ha espai per a aquells que malmetin la conviv\u00e8ncia i la seguretat a la ciutat\u201d, ha afegit. \u201cAquest \u00e9s el model que defensem des del govern de Badalona: un model basat en la fermesa en la seguretat i en el compliment de la paraula donada, i continuarem treballant en aquesta l\u00ednia\u201d, ha assegurat l\u2019alcalde.<\/p>\n\n\n\n<p>D\u2019altra banda, l\u2019alcalde de Badalona ha explicat que \u201caquelles persones que han tingut un comportament normal i ho han necessitat, han rebut atenci\u00f3 i seguiment dels Serveis Socials\u201d. Garcia Albiol ha subratllat que davant de l\u2019ordre de desocupaci\u00f3 s\u2019ha trobat allotjament per a unes 17 persones especialment vulnerables i que s\u2019han fet gestions amb Generalitat i entitats per veure si hi havia la possibilitat de trobar espais perqu\u00e8 algunes altres persones poguessin trobar un allotjament temporal. L\u2019Ajuntament, per\u00f2, &nbsp;s\u2019ha trobat amb dificultats, ja que va fer una licitaci\u00f3 que va quedar deserta i tampoc no ha trobat establiments disposats a allotjar-les. Avui els serveis socials municipals han at\u00e8s una cinquantena de persones.<\/p>\n\n\n\n<p>D\u2019altra banda, l\u2019alcalde ha volgut deixar molt clar \u201cque l\u2019Ajuntament no destinar\u00e0 cap euro en donar habitatges a aquelles persones que s\u2019han dedicat a fer la vida impossible als ve\u00efns\u201d perqu\u00e8 passin per davant dels badalonins que esperen un habitatge social. Tamb\u00e9 ha assenyalat la responsabilitat del govern d\u2019Espanya i a la seva pol\u00edtica \u201cd\u2019acollir tothom sense cap mena de control\u201d.<\/p>\n\n\n\n<p>Pel que fa al futur de l\u2019immoble, un antic centre docent amb un total de 3.300 metres quadrats constru\u00efts i una zona d\u2019aproximadament 7.500 metres quadrats de patis, la intenci\u00f3 del govern municipal \u00e9s que aculli una comissaria de la Gu\u00e0rdia Urbana. En els propers dies una empresa procedir\u00e0 a netejar l\u2019edifici d\u2019objectes i escombraries i posteriorment ser\u00e0 enderrocat. Fins que s\u2019enderroqui l\u2019actual edifici, l\u2019Ajuntament ha contractat un servei de vigil\u00e0ncia i es tancar\u00e0 el recinte per evitar que sigui ocupat novament.<\/p>\n","protected":false},"excerpt":{"rendered":"<p>Aquest mat\u00ed efectius dels Mossos d\u2019Esquadra, amb el suport de Gu\u00e0rdia Urbana de Badalona i Policia Nacional, han executat l\u2019ordre de desocupaci\u00f3 de les persones que ocupaven l\u2019edifici de l\u2019antic institut B9 al barri del Remei. L\u2019ordre havia estat dictada per la magistrada titular del Jutjat del Contenci\u00f3s Administratiu n\u00famero 11 de Barcelona atenent la [&hellip;]<\/p>\n","protected":false},"author":2,"featured_media":9895,"comment_status":"closed","ping_status":"open","sticky":false,"template":"","format":"standard","meta":{"footnotes":""},"categories":[23],"tags":[],"class_list":{"0":"post-9894","1":"post","2":"type-post","3":"status-publish","4":"format-standard","5":"has-post-thumbnail","7":"category-actualitat"},"_links":{"self":[{"href":"https:\/\/areabadalona.com\/diario\/wp-json\/wp\/v2\/posts\/9894","targetHints":{"allow":["GET"]}}],"collection":[{"href":"https:\/\/areabadalona.com\/diario\/wp-json\/wp\/v2\/posts"}],"about":[{"href":"https:\/\/areabadalona.com\/diario\/wp-json\/wp\/v2\/types\/post"}],"author":[{"embeddable":true,"href":"https:\/\/areabadalona.com\/diario\/wp-json\/wp\/v2\/users\/2"}],"replies":[{"embeddable":true,"href":"https:\/\/areabadalona.com\/diario\/wp-json\/wp\/v2\/comments?post=9894"}],"version-history":[{"count":1,"href":"https:\/\/areabadalona.com\/diario\/wp-json\/wp\/v2\/posts\/9894\/revisions"}],"predecessor-version":[{"id":9896,"href":"https:\/\/areabadalona.com\/diario\/wp-json\/wp\/v2\/posts\/9894\/revisions\/9896"}],"wp:featuredmedia":[{"embeddable":true,"href":"https:\/\/areabadalona.com\/diario\/wp-json\/wp\/v2\/media\/9895"}],"wp:attachment":[{"href":"https:\/\/areabadalona.com\/diario\/wp-json\/wp\/v2\/media?parent=9894"}],"wp:term":[{"taxonomy":"category","embeddable":true,"href":"https:\/\/areabadalona.com\/diario\/wp-json\/wp\/v2\/categories?post=9894"},{"taxonomy":"post_tag","embeddable":true,"href":"https:\/\/areabadalona.com\/diario\/wp-json\/wp\/v2\/tags?post=9894"}],"curies":[{"name":"wp","href":"https:\/\/api.w.org\/{rel}","templated":true}]}}