{"id":9890,"date":"2025-12-16T11:16:40","date_gmt":"2025-12-16T11:16:40","guid":{"rendered":"https:\/\/areabadalona.com\/diario\/?p=9890"},"modified":"2025-12-17T11:17:18","modified_gmt":"2025-12-17T11:17:18","slug":"lajuntament-de-badalona-arranja-deu-pistes-forestals-per-reforcar-la-prevencio-dincendis-i-millorar-lacces-als-espais-naturals","status":"publish","type":"post","link":"https:\/\/areabadalona.com\/diario\/2025\/12\/16\/lajuntament-de-badalona-arranja-deu-pistes-forestals-per-reforcar-la-prevencio-dincendis-i-millorar-lacces-als-espais-naturals\/","title":{"rendered":"L\u2019Ajuntament de Badalona arranja deu pistes forestals per refor\u00e7ar la prevenci\u00f3 d\u2019incendis i millorar l\u2019acc\u00e9s als espais naturals"},"content":{"rendered":"\n<p>L\u2019\u00c0rea de Medi Ambient de l\u2019Ajuntament de Badalona ha executat durant aquest mes de desembre l\u2019arranjament de deu pistes forestals que en total sumen 6 quil\u00f2metres de camins. Amb aquesta actuaci\u00f3 s\u2019ha millorat l\u2019accessibilitat i la seguretat en les zones forestals, facilitant tant l\u2019\u00fas ciutad\u00e0 com les tasques d\u2019emerg\u00e8ncia en cas d\u2019incendi.<\/p>\n\n\n\n<p>Els treballs han tingut un cost aproximat de 16.000 euros i inclouen les actuacions seg\u00fcents:<\/p>\n\n\n\n<p>\u00b7 Millora del ferm de les pistes, garantint un drenatge adequat per afavorir la seva conservaci\u00f3.<\/p>\n\n\n\n<p>\u00b7 Creaci\u00f3 d&#8217;una franja auxiliar de tr\u00e0nsit d\u2019un metre a cada costat, completament desbrossada.<\/p>\n\n\n\n<p>\u00b7 Adequaci\u00f3 de dos punts cr\u00edtics identificats al Pla de Prevenci\u00f3 d\u2019Incendis Forestals de Badalona (PPI), que inclouen la millora d\u2019un radi de gir al cam\u00ed de les Roques de Poca-Roba i la creaci\u00f3 d\u2019un espai per al gir de vehicles al final del cam\u00ed de Can Miravitges. Aquestes actuacions eren imprescindibles per facilitar el moviment de vehicles d\u2019extinci\u00f3 d\u2019incendis.<\/p>\n\n\n\n<p>Quatre de les pistes arranjades formen part de la xarxa vi\u00e0ria b\u00e0sica inclosa al Pla de Prevenci\u00f3 d\u2019Incendis Forestals de Badalona per al per\u00edode 2025-2030, aprovat definitivament durant el juliol de 2025.<\/p>\n\n\n\n<p>Part d\u2019aquestes actuacions compten amb el cofinan\u00e7ament de la Diputaci\u00f3 de Barcelona en el marc d\u2019un fons de prestaci\u00f3 econ\u00f2mica destinat a ajudar els municipis a sufragar les despeses derivades de l\u2019execuci\u00f3 del PPI.<\/p>\n\n\n\n<p>El Departament de Medi Natural de l\u2019Ajuntament de Badalona, impulsor de l\u2019actuaci\u00f3, assenyala que el manteniment de la xarxa de camins \u00e9s essencial per garantir la protecci\u00f3, la gesti\u00f3 i la promoci\u00f3 dels espais naturals del municipi, aix\u00ed com per assegurar un acc\u00e9s segur i eficient tant a la ciutadania com als serveis d\u2019emerg\u00e8ncia en cas d\u2019incendi forestal.<\/p>\n\n\n\n<p>A m\u00e9s de les obres impulsades per l\u2019Ajuntament, aquesta passada tardor el Consorci del Parc de la Serralada de Marina va arranjar quatre camins m\u00e9s del municipi, entre ells el Cam\u00ed de Sant Jeroni de la Murtra, contribuint de manera significativa a la millora global de la xarxa de pistes forestals de Badalona.<\/p>\n\n\n\n<p>La 4a tinenta d\u2019alcaldia i regidora de Medi Ambient de l\u2019Ajuntament de Badalona, S\u00f2nia Egea, ha destacat el comprom\u00eds municipal amb la cura dels espais naturals i l\u2019accessibilitat ciutadana. \u201cM\u00e9s enll\u00e0 de les obligacions derivades del Pla de Prevenci\u00f3 d\u2019Incendis, hem volgut ampliar l\u2019actuaci\u00f3 i incloure sis camins addicionals perqu\u00e8 ens sembla fonamental que la ciutadania disposi d\u2019uns accessos ben condicionats per poder gaudir dels espais naturals de Badalona\u201d, ha manifestat.<\/p>\n","protected":false},"excerpt":{"rendered":"<p>L\u2019\u00c0rea de Medi Ambient de l\u2019Ajuntament de Badalona ha executat durant aquest mes de desembre l\u2019arranjament de deu pistes forestals que en total sumen 6 quil\u00f2metres de camins. Amb aquesta actuaci\u00f3 s\u2019ha millorat l\u2019accessibilitat i la seguretat en les zones forestals, facilitant tant l\u2019\u00fas ciutad\u00e0 com les tasques d\u2019emerg\u00e8ncia en cas d\u2019incendi. Els treballs han [&hellip;]<\/p>\n","protected":false},"author":2,"featured_media":9891,"comment_status":"closed","ping_status":"open","sticky":false,"template":"","format":"standard","meta":{"footnotes":""},"categories":[23],"tags":[],"class_list":{"0":"post-9890","1":"post","2":"type-post","3":"status-publish","4":"format-standard","5":"has-post-thumbnail","7":"category-actualitat"},"_links":{"self":[{"href":"https:\/\/areabadalona.com\/diario\/wp-json\/wp\/v2\/posts\/9890","targetHints":{"allow":["GET"]}}],"collection":[{"href":"https:\/\/areabadalona.com\/diario\/wp-json\/wp\/v2\/posts"}],"about":[{"href":"https:\/\/areabadalona.com\/diario\/wp-json\/wp\/v2\/types\/post"}],"author":[{"embeddable":true,"href":"https:\/\/areabadalona.com\/diario\/wp-json\/wp\/v2\/users\/2"}],"replies":[{"embeddable":true,"href":"https:\/\/areabadalona.com\/diario\/wp-json\/wp\/v2\/comments?post=9890"}],"version-history":[{"count":1,"href":"https:\/\/areabadalona.com\/diario\/wp-json\/wp\/v2\/posts\/9890\/revisions"}],"predecessor-version":[{"id":9892,"href":"https:\/\/areabadalona.com\/diario\/wp-json\/wp\/v2\/posts\/9890\/revisions\/9892"}],"wp:featuredmedia":[{"embeddable":true,"href":"https:\/\/areabadalona.com\/diario\/wp-json\/wp\/v2\/media\/9891"}],"wp:attachment":[{"href":"https:\/\/areabadalona.com\/diario\/wp-json\/wp\/v2\/media?parent=9890"}],"wp:term":[{"taxonomy":"category","embeddable":true,"href":"https:\/\/areabadalona.com\/diario\/wp-json\/wp\/v2\/categories?post=9890"},{"taxonomy":"post_tag","embeddable":true,"href":"https:\/\/areabadalona.com\/diario\/wp-json\/wp\/v2\/tags?post=9890"}],"curies":[{"name":"wp","href":"https:\/\/api.w.org\/{rel}","templated":true}]}}