{"id":9885,"date":"2025-12-15T12:48:40","date_gmt":"2025-12-15T12:48:40","guid":{"rendered":"https:\/\/areabadalona.com\/diario\/?p=9885"},"modified":"2025-12-15T12:48:41","modified_gmt":"2025-12-15T12:48:41","slug":"badalona-en-comu-podem-denuncia-la-manipulacio-dels-horaris-del-debat-municipal-per-invisibilitzar-loposicio","status":"publish","type":"post","link":"https:\/\/areabadalona.com\/diario\/2025\/12\/15\/badalona-en-comu-podem-denuncia-la-manipulacio-dels-horaris-del-debat-municipal-per-invisibilitzar-loposicio\/","title":{"rendered":"Badalona En Com\u00fa Podem denuncia la manipulaci\u00f3 dels horaris del debat municipal per invisibilitzar l\u2019oposici\u00f3"},"content":{"rendered":"\n<p>Badalona En Com\u00fa denuncia la decisi\u00f3 del govern del PP de programar el debat dels grups municipals a Badalona Comunicaci\u00f3 aquest divendres 19 de desembre a les 22.30h, una franja de m\u00ednima audi\u00e8ncia i en plena \u00e8poca de sopars d\u2019empresa i familiars, \u00ab<em><strong>amb l\u2019objectiu clar d\u2019invisibilitzar l\u2019oposici\u00f3 i reduir el pluralisme pol\u00edtic a la televisi\u00f3 p\u00fablica local<\/strong><\/em>\u00bb, denuncia la presidenta del grup municipal de Badalona en Com\u00fa Podem, A\u00efda Llaurad\u00f3.<\/p>\n\n\n\n<p>\u00ab<em><strong>Mentre l\u2019alcalde Xavier Garc\u00eda Albiol concentra actes festius, espectacles i esdeveniments institucionals en les franges de m\u00e0xima audi\u00e8ncia, el debat pol\u00edtic municipal es relega a un horari marginal, en un dels dies amb menys consum televisiu de tot l\u2019any<\/strong><\/em>\u00bb, alerta Llaurad\u00f3. Una decisi\u00f3 que no respon a criteris de servei p\u00fablic, sin\u00f3 a una estrat\u00e8gia de control del relat pol\u00edtic.<\/p>\n\n\n\n<p>Aquesta pr\u00e0ctica se suma a una retallada injustificada del pluralisme, despr\u00e9s que el debat dels grups municipals s\u2019hagin redu\u00eft a fer-se nom\u00e9s dues vegades per temporada, en comptes de ser bimestrals, com fins ara. A m\u00e9s, els grups de l\u2019oposici\u00f3 han estat exclosos de les tert\u00falies i espais d\u2019an\u00e0lisi pol\u00edtic de la televisi\u00f3 municipal, reduint encara m\u00e9s la seva pres\u00e8ncia.<\/p>\n\n\n\n<p>Badalona En Com\u00fa Podem s\u00ed participar\u00e0 en el debat, perqu\u00e8 considera que el dret de la ciutadania a estar informada est\u00e0 per sobre de qualsevol c\u00e0lcul partidista d\u2019Albiol. \u201c<em><strong>No renunciarem a explicar les nostres propostes ni a fiscalitzar el govern, encara que el PP intenti amagar el debat pol\u00edtic<\/strong><\/em>\u201d, ha assenyalat la presidenta del grup municipal, A\u00efda Llaurad\u00f3.<\/p>\n\n\n\n<p>Des de Badalona En Com\u00fa Podem es reclama que Badalona Comunicaci\u00f3 garanteixi el pluralisme, la transpar\u00e8ncia i l\u2019acc\u00e9s equitatiu dels grups municipals, tal com correspon a un mitj\u00e0 p\u00fablic, i que els debats pol\u00edtics es programin en horaris raonables i accessibles per a la ciutadania.<\/p>\n\n\n\n<p><strong>Equip de Comunicaci\u00f3<\/strong> <strong>Badalona En Com\u00fa<\/strong><\/p>\n","protected":false},"excerpt":{"rendered":"<p>Badalona En Com\u00fa denuncia la decisi\u00f3 del govern del PP de programar el debat dels grups municipals a Badalona Comunicaci\u00f3 aquest divendres 19 de desembre a les 22.30h, una franja de m\u00ednima audi\u00e8ncia i en plena \u00e8poca de sopars d\u2019empresa i familiars, \u00abamb l\u2019objectiu clar d\u2019invisibilitzar l\u2019oposici\u00f3 i reduir el pluralisme pol\u00edtic a la televisi\u00f3 [&hellip;]<\/p>\n","protected":false},"author":2,"featured_media":9886,"comment_status":"closed","ping_status":"open","sticky":false,"template":"","format":"standard","meta":{"footnotes":""},"categories":[23],"tags":[],"class_list":{"0":"post-9885","1":"post","2":"type-post","3":"status-publish","4":"format-standard","5":"has-post-thumbnail","7":"category-actualitat"},"_links":{"self":[{"href":"https:\/\/areabadalona.com\/diario\/wp-json\/wp\/v2\/posts\/9885","targetHints":{"allow":["GET"]}}],"collection":[{"href":"https:\/\/areabadalona.com\/diario\/wp-json\/wp\/v2\/posts"}],"about":[{"href":"https:\/\/areabadalona.com\/diario\/wp-json\/wp\/v2\/types\/post"}],"author":[{"embeddable":true,"href":"https:\/\/areabadalona.com\/diario\/wp-json\/wp\/v2\/users\/2"}],"replies":[{"embeddable":true,"href":"https:\/\/areabadalona.com\/diario\/wp-json\/wp\/v2\/comments?post=9885"}],"version-history":[{"count":1,"href":"https:\/\/areabadalona.com\/diario\/wp-json\/wp\/v2\/posts\/9885\/revisions"}],"predecessor-version":[{"id":9887,"href":"https:\/\/areabadalona.com\/diario\/wp-json\/wp\/v2\/posts\/9885\/revisions\/9887"}],"wp:featuredmedia":[{"embeddable":true,"href":"https:\/\/areabadalona.com\/diario\/wp-json\/wp\/v2\/media\/9886"}],"wp:attachment":[{"href":"https:\/\/areabadalona.com\/diario\/wp-json\/wp\/v2\/media?parent=9885"}],"wp:term":[{"taxonomy":"category","embeddable":true,"href":"https:\/\/areabadalona.com\/diario\/wp-json\/wp\/v2\/categories?post=9885"},{"taxonomy":"post_tag","embeddable":true,"href":"https:\/\/areabadalona.com\/diario\/wp-json\/wp\/v2\/tags?post=9885"}],"curies":[{"name":"wp","href":"https:\/\/api.w.org\/{rel}","templated":true}]}}