{"id":9870,"date":"2025-12-11T09:45:00","date_gmt":"2025-12-11T09:45:00","guid":{"rendered":"https:\/\/areabadalona.com\/diario\/?p=9870"},"modified":"2025-12-12T09:48:07","modified_gmt":"2025-12-12T09:48:07","slug":"aida-llaurado-denuncia-la-manca-dinformacio-i-mediacio-davant-el-el-desallotjament-del-b9-i-reclama-una-comissio-durgencia","status":"publish","type":"post","link":"https:\/\/areabadalona.com\/diario\/2025\/12\/11\/aida-llaurado-denuncia-la-manca-dinformacio-i-mediacio-davant-el-el-desallotjament-del-b9-i-reclama-una-comissio-durgencia\/","title":{"rendered":"A\u00efda Llaurad\u00f3 denuncia la manca d\u2019informaci\u00f3 i mediaci\u00f3 davant el el desallotjament del B9 i reclama una Comissi\u00f3 d&#8217;urg\u00e8ncia"},"content":{"rendered":"\n<p>La regidora i presidenta del grup municipal Badalona En Com\u00fa Podem, A\u00efda Llaurad\u00f3, denuncia la gesti\u00f3 opaca i desordenada de l\u2019alcalde Xavier Garc\u00eda Albiol en relaci\u00f3 amb el desallotjament imminent de l\u2019antic institut B9. Un anunci que ha generat preocupaci\u00f3 al barri de Sant Roc i del Remei, i que, segons Llaurad\u00f3, est\u00e0 sent utilitzat per l\u2019alcalde \u201c<strong><em>per construir un relat de caos en lloc de donar respostes responsables<\/em><\/strong>\u201d.<\/p>\n\n\n\n<p>Segons Llaurad\u00f3, les conseq\u00fc\u00e8ncies de la manca d\u2019informaci\u00f3 i mediaci\u00f3 de l\u2019Ajuntament amb les persones afectades i les entitats que les acompanyen, s\u00f3n el risc que hi hagi aldarulls i vulneraci\u00f3 de drets de tot tipus. El ve\u00efnat est\u00e0 espantat: tant la gent que viu al B9 sense saber quan i quina actuaci\u00f3 patir\u00e0, com la gent que viu a l\u2019entorn del B9 amb sensaci\u00f3 d\u2019inseguretat i caos.<\/p>\n\n\n\n<p>Davant aquesta manca de transpar\u00e8ncia, Badalona En Com\u00fa Podem reclama la creaci\u00f3 immediata d\u2019una Comissi\u00f3 d\u2019urg\u00e8ncia amb representaci\u00f3 municipal i de la Generalitat, amb representaci\u00f3 d\u2019entitats socials i allotjats del B9 i tamb\u00e9 representaci\u00f3 de les associacions de ve\u00efns de Sant Roc i el Remei i la FAVB, per:<\/p>\n\n\n\n<ul class=\"wp-block-list\">\n<li>1.Accedir a tota la informaci\u00f3 oficial sobre la desocupaci\u00f3 del B9.<\/li>\n<\/ul>\n\n\n\n<ul class=\"wp-block-list\">\n<li>2. Determinar quines actuacions s\u2019han dut a terme i quines s\u2019han de fer.<\/li>\n<\/ul>\n\n\n\n<ul class=\"wp-block-list\">\n<li>3. Garantir que les persones vulnerables rebin atenci\u00f3 adequada, respectant els seus drets, les seves pertinences, i amb un allotjament alternatiu.<\/li>\n<\/ul>\n\n\n\n<ul class=\"wp-block-list\">\n<li>4.\u00a0Establir un pla de seguretat que protegeixi el ve\u00efnat.<\/li>\n<\/ul>\n\n\n\n<p>Segons ha explicat Llaurad\u00f3, l\u2019Ajuntament ha abandonat aquests barris i el propi assentament del B9, d\u2019on tampoc ha aportat dades clares del perfil de les persones afectades pel desallotjament ni les actuacions pr\u00e8vies de serveis socials o de mediaci\u00f3. \u201c<em>Quan no hi ha informaci\u00f3, s\u2019imposa el discurs de qui m\u00e9s crida. I aix\u00f2 no \u00e9s governar la seguretat, \u00e9s aprofitar el desconcert<\/em>\u201d, ha afirmat.<\/p>\n\n\n\n<p>Llaurad\u00f3 ha subratllat que la situaci\u00f3 actual no \u00e9s fruit de cap sorpresa, sin\u00f3 el resultat de retallades continuades en serveis socials i sensellarisme, abs\u00e8ncia de pol\u00edtiques d\u2019habitatge i unes pol\u00edtiques de seguretat que han abandonat aquests barris. Tot aix\u00f2, sumat al racisme institucional i immobiliari, s\u00f3n factors que han afavorit din\u00e0miques que ara s\u2019intenten presentar com inevitables.<\/p>\n\n\n\n<p>\u201cBadalona no pot continuar sent gestionada a base de titulars i alarmes. Protegir els ve\u00efns i ve\u00efnes exigeix rigor, informaci\u00f3 i responsabilitat institucional. Si l\u2019alcalde no vol donar explicacions, les hem de demanar formalment\u201d, ha concl\u00f2s Llaurad\u00f3.<\/p>\n\n\n\n<p><strong>Equip de Comunicaci\u00f3 Badalona En Com\u00fa<\/strong><\/p>\n","protected":false},"excerpt":{"rendered":"<p>La regidora i presidenta del grup municipal Badalona En Com\u00fa Podem, A\u00efda Llaurad\u00f3, denuncia la gesti\u00f3 opaca i desordenada de l\u2019alcalde Xavier Garc\u00eda Albiol en relaci\u00f3 amb el desallotjament imminent de l\u2019antic institut B9. Un anunci que ha generat preocupaci\u00f3 al barri de Sant Roc i del Remei, i que, segons Llaurad\u00f3, est\u00e0 sent utilitzat [&hellip;]<\/p>\n","protected":false},"author":2,"featured_media":9871,"comment_status":"closed","ping_status":"open","sticky":false,"template":"","format":"standard","meta":{"footnotes":""},"categories":[23],"tags":[],"class_list":{"0":"post-9870","1":"post","2":"type-post","3":"status-publish","4":"format-standard","5":"has-post-thumbnail","7":"category-actualitat"},"_links":{"self":[{"href":"https:\/\/areabadalona.com\/diario\/wp-json\/wp\/v2\/posts\/9870","targetHints":{"allow":["GET"]}}],"collection":[{"href":"https:\/\/areabadalona.com\/diario\/wp-json\/wp\/v2\/posts"}],"about":[{"href":"https:\/\/areabadalona.com\/diario\/wp-json\/wp\/v2\/types\/post"}],"author":[{"embeddable":true,"href":"https:\/\/areabadalona.com\/diario\/wp-json\/wp\/v2\/users\/2"}],"replies":[{"embeddable":true,"href":"https:\/\/areabadalona.com\/diario\/wp-json\/wp\/v2\/comments?post=9870"}],"version-history":[{"count":1,"href":"https:\/\/areabadalona.com\/diario\/wp-json\/wp\/v2\/posts\/9870\/revisions"}],"predecessor-version":[{"id":9872,"href":"https:\/\/areabadalona.com\/diario\/wp-json\/wp\/v2\/posts\/9870\/revisions\/9872"}],"wp:featuredmedia":[{"embeddable":true,"href":"https:\/\/areabadalona.com\/diario\/wp-json\/wp\/v2\/media\/9871"}],"wp:attachment":[{"href":"https:\/\/areabadalona.com\/diario\/wp-json\/wp\/v2\/media?parent=9870"}],"wp:term":[{"taxonomy":"category","embeddable":true,"href":"https:\/\/areabadalona.com\/diario\/wp-json\/wp\/v2\/categories?post=9870"},{"taxonomy":"post_tag","embeddable":true,"href":"https:\/\/areabadalona.com\/diario\/wp-json\/wp\/v2\/tags?post=9870"}],"curies":[{"name":"wp","href":"https:\/\/api.w.org\/{rel}","templated":true}]}}