{"id":9860,"date":"2025-12-10T11:09:29","date_gmt":"2025-12-10T11:09:29","guid":{"rendered":"https:\/\/areabadalona.com\/diario\/?p=9860"},"modified":"2025-12-10T11:09:30","modified_gmt":"2025-12-10T11:09:30","slug":"el-parc-de-les-muntanyetes-acull-aquest-diumenge-14-de-desembre-la-31a-edicio-del-mercat-del-trasto-de-badalona-amb-187-parades","status":"publish","type":"post","link":"https:\/\/areabadalona.com\/diario\/2025\/12\/10\/el-parc-de-les-muntanyetes-acull-aquest-diumenge-14-de-desembre-la-31a-edicio-del-mercat-del-trasto-de-badalona-amb-187-parades\/","title":{"rendered":"El Parc de les Muntanyetes acull aquest diumenge 14 de desembre la 31a edici\u00f3 del Mercat del Trasto de Badalona amb 187 parades"},"content":{"rendered":"\n<p>Aquest diumenge 14 de desembre se celebra al Parc de les Muntanyetes la 31a edici\u00f3 del tradicional Mercat del Trasto de Badalona, una fira on els ciutadans particulars i associacions sense \u00e0nim de lucre poden vendre els seus objectes de segona m\u00e0 que estiguin en bon estat. El mercat t\u00e9 l\u2019objectiu de promoure la reutilitzaci\u00f3, donar valor als objectes usats que estiguin en bon estat perqu\u00e8 no es converteixin en residus i, alhora, donin servei a persones que els necessitin. \u00c9s per aix\u00f2 que s\u2019emmarca dins les actuacions de la Setmana Europea de Prevenci\u00f3 de Residus. En l\u2019edici\u00f3 d\u2019enguany s\u2019instal\u00b7laran 187 parades.<\/p>\n\n\n\n<p>En aquest Mercat del Trasto, tan proper a les festes de Nadal, es dona un protagonisme especial a les joguines i als objectes nadalencs, com per exemple els elements de decoraci\u00f3 o les postals fetes amb materials reciclats. Per aquest motiu, les parades que venguin aquest tipus d\u2019objectes tindran un lloc preferent al mercat. Tamb\u00e9 hi haur\u00e0 m\u00fasica i ambientaci\u00f3 per potenciar el caire festiu de la jornada.<\/p>\n\n\n\n<p><strong>Un Mercat del Trasto amb vessant solidari<\/strong><\/p>\n\n\n\n<p>En aquesta edici\u00f3 i com s\u2019ha fet en altres anys, totes les persones que posin una parada en el mercat hauran d\u2019aportar, com a m\u00ednim, un quilo de menjar envasat (preferiblement arr\u00f2s, pasta, llegums, oli o llet) que es donar\u00e0 al Banc d\u2019Aliments de Badalona. A m\u00e9s, qualsevol persona que ho desitgi, podr\u00e0 fer aportacions de menjar, ja que hi haur\u00e0 un punt de recollida espec\u00edfic obert a tothom. La recollida d\u2019aliments destinats a les persones m\u00e9s necessitades es far\u00e0 merc\u00e8s a la col\u00b7laboraci\u00f3 de l\u2019Associaci\u00f3 Social Amics del Gorg Mar. D\u2019altra banda, les persones que vulguin tamb\u00e9 podran donar menjar per a gats, que es destinar\u00e0 a les entitats que gestionen les col\u00f2nies felines de la ciutat.<\/p>\n\n\n\n<p>La quarta tinenta d\u2019Alcaldia, S\u00f2nia Egea, ha explicat que el Mercat del Trasto d\u2019enguany \u00e9s un esdeveniment molt esperat en aquestes dates pr\u00f2ximes a Nadal donat l\u2019ambient festiu que s\u2019hi respira. \u201cConvido a tothom a participar en el mercat d\u2019aquest diumenge perqu\u00e8, a m\u00e9s de gaudir de l\u2019ambient nadalenc, es potencia la reutilitzaci\u00f3 i reducci\u00f3 de residus, beneficiant el medi ambient i l\u2019estalvi de molts recursos de les administracions a l\u2019hora de gestionar residus\u201d, ha destacat Egea.<\/p>\n","protected":false},"excerpt":{"rendered":"<p>Aquest diumenge 14 de desembre se celebra al Parc de les Muntanyetes la 31a edici\u00f3 del tradicional Mercat del Trasto de Badalona, una fira on els ciutadans particulars i associacions sense \u00e0nim de lucre poden vendre els seus objectes de segona m\u00e0 que estiguin en bon estat. El mercat t\u00e9 l\u2019objectiu de promoure la reutilitzaci\u00f3, [&hellip;]<\/p>\n","protected":false},"author":2,"featured_media":9736,"comment_status":"closed","ping_status":"open","sticky":false,"template":"","format":"standard","meta":{"footnotes":""},"categories":[23],"tags":[],"class_list":{"0":"post-9860","1":"post","2":"type-post","3":"status-publish","4":"format-standard","5":"has-post-thumbnail","7":"category-actualitat"},"_links":{"self":[{"href":"https:\/\/areabadalona.com\/diario\/wp-json\/wp\/v2\/posts\/9860","targetHints":{"allow":["GET"]}}],"collection":[{"href":"https:\/\/areabadalona.com\/diario\/wp-json\/wp\/v2\/posts"}],"about":[{"href":"https:\/\/areabadalona.com\/diario\/wp-json\/wp\/v2\/types\/post"}],"author":[{"embeddable":true,"href":"https:\/\/areabadalona.com\/diario\/wp-json\/wp\/v2\/users\/2"}],"replies":[{"embeddable":true,"href":"https:\/\/areabadalona.com\/diario\/wp-json\/wp\/v2\/comments?post=9860"}],"version-history":[{"count":1,"href":"https:\/\/areabadalona.com\/diario\/wp-json\/wp\/v2\/posts\/9860\/revisions"}],"predecessor-version":[{"id":9861,"href":"https:\/\/areabadalona.com\/diario\/wp-json\/wp\/v2\/posts\/9860\/revisions\/9861"}],"wp:featuredmedia":[{"embeddable":true,"href":"https:\/\/areabadalona.com\/diario\/wp-json\/wp\/v2\/media\/9736"}],"wp:attachment":[{"href":"https:\/\/areabadalona.com\/diario\/wp-json\/wp\/v2\/media?parent=9860"}],"wp:term":[{"taxonomy":"category","embeddable":true,"href":"https:\/\/areabadalona.com\/diario\/wp-json\/wp\/v2\/categories?post=9860"},{"taxonomy":"post_tag","embeddable":true,"href":"https:\/\/areabadalona.com\/diario\/wp-json\/wp\/v2\/tags?post=9860"}],"curies":[{"name":"wp","href":"https:\/\/api.w.org\/{rel}","templated":true}]}}