{"id":9857,"date":"2025-12-10T11:04:41","date_gmt":"2025-12-10T11:04:41","guid":{"rendered":"https:\/\/areabadalona.com\/diario\/?p=9857"},"modified":"2025-12-10T11:04:42","modified_gmt":"2025-12-10T11:04:42","slug":"contrastos-nova-mostra-al-passadis-dart-del-centre-sociosanitariel-carme-de-badalona-per-pintar-ponts-entre-persones","status":"publish","type":"post","link":"https:\/\/areabadalona.com\/diario\/2025\/12\/10\/contrastos-nova-mostra-al-passadis-dart-del-centre-sociosanitariel-carme-de-badalona-per-pintar-ponts-entre-persones\/","title":{"rendered":"\u201cContrastos\u201d, nova mostra al Passad\u00eds d\u2019Art del Centre SociosanitariEl Carme de Badalona per \u201cpintar ponts entre persones\u201d"},"content":{"rendered":"\n<p>L\u2019espai d\u2019exposicions del Centre Sociosanitari El Carme (CSSC), el Passad\u00eds Art, acollir\u00e0 fins a finals de gener de 2026 la mostra \u201cContrastos\u201d, una selecci\u00f3 d\u2019obres del grup art\u00edstic del mateix nom integrat des de fa 20 anys per una quinzena de badalonins i badalonines que comparteixen passi\u00f3 per la pintura. Paisatges, retrats, bodegons o art abstracte s\u00f3n alguns dels protagonistes de les obres que ja es poden contemplar a la primera planta del centre gestionat per Badalona Serveis Assistencials (BSA).<\/p>\n\n\n\n<p>Les persones que formen el grup es reuneixen peri\u00f2dicament -en aquests moments a l\u2019Associaci\u00f3 Ve\u00efnal del Centre de Badalona- per pintar juntes. Segons Anna Esp\u00ed, integrant de Contrastos i del grup de professionals jubilats Persones amigues de BSA, \u201cno ens limitem a una sola manera de pintar, sin\u00f3 que cada artista aporta mirada i t\u00e8cnica pr\u00f2pies, cosa que fa que cada exposici\u00f3 sigui una experi\u00e8ncia visual rica i sorprenent\u201d. Les trobades \u201cno nom\u00e9s serveixen per crear, sin\u00f3 tamb\u00e9 per compartir viv\u00e8ncies, debatre idees i construir una comunitat art\u00edstica que trenca fronteres internes\u201d.<\/p>\n\n\n\n<p>En aquest sentit, la infermera jubilada destaca el fet que els membres de Contrastos visquin en diversos barris de la ciutat, \u201cja que aquesta dispersi\u00f3 territorial es converteix en font d\u2019inspiraci\u00f3 i reflecteix la nostra filosofia d\u2019entendre la diversitat com a motor creatiu\u201d. El nom del grup \u201crepresenta la voluntat de mostrar les m\u00faltiples cares de la realitat, les tensions i harmonies que conviuen en el nostre dia a dia, i les obres parlen de llum i ombra, de calma i moviment, de tradici\u00f3 i innovaci\u00f3\u201d. Per a Esp\u00ed, \u201ccada quadre \u00e9s una conversa entre estils, entre persones, entre barris, i un exemple viu de com l\u2019art pot unir, enriquir i transformar\u201d. La infermera conclou que \u201cContrastos no nom\u00e9s pinta quadres, sin\u00f3 que pinta ponts entre persones\u201d.&nbsp;<\/p>\n\n\n\n<p>El fet que Esp\u00ed formi part de Persones Amigues de BSA ha propiciat dur la mostra al centre d\u2019atenci\u00f3 interm\u00e8dia. Es tracta d\u2019un grup format per professionals que, tot i haver finalitzat ja la seva relaci\u00f3 laboral amb l\u2019organitzaci\u00f3 perqu\u00e8 s\u2019han jubilat, hi segueixen emocionalment vinculats i hi col\u00b7laboren. Actualment en formen part m\u00e9s de 70 persones. La gratitud i el reconeixement per part de BSA a aquestes persones \u00e9s el principal objectiu de la iniciativa, que tamb\u00e9 promou la generaci\u00f3 de vincles i activitats saludables i de socialitzaci\u00f3.<\/p>\n\n\n\n<p><strong>Humanitzaci\u00f3 i col\u00b7laboraci\u00f3 entre entitats<\/strong><\/p>\n\n\n\n<p>El Passad\u00eds d\u2019Art va obrir el maig de 2003 coincidint amb la posada en marxa del nou edifici del CSSC. Ha donat cabuda majorit\u00e0riament a diverses mostres d\u2019alumnat de l\u2019Escola d\u2019Art Pau Gargallo. L\u2019activitat a l\u2019espai d\u2019exposicions s\u2019emmarca en la l\u00ednia d\u2019humanitzaci\u00f3 recollida en una de les quatre prioritats estrat\u00e8giques de BSA, l\u2019Experi\u00e8ncia de pacient. La col\u00b7laboraci\u00f3 amb l\u2019escola badalonina o amb un grup com Contrastos lliga amb una altra prioritat estrat\u00e8gica, la de Responsabilitat social i comprom\u00eds amb l\u2019entorn.<\/p>\n\n\n\n<p>A la mostra es poden contemplar obres de Ana Gonz\u00e1lez Fern\u00e1ndez, Anna Utset Boixaderas, Anna Esp\u00ed Bosc\u00e0, Carme Cristi\u00e0 Gasull, Clara Rodr\u00edguez L\u00f3pez, Dolors Mart\u00ednez L\u00f3pez, Gl\u00f2ria Belis Furi\u00f3,&nbsp; Gl\u00f2ria Mon\u00e9s Gresely, Jes\u00fas Sobrino Jim\u00e9nez, Joan Rodr\u00edguez S\u00e1nchez, Josep Romero Romero, Llu\u00eds Li\u00f1\u00e1n Muniesa, Maria Josep Guzm\u00e1n P\u00e9rez, Matilde Sola Mata i Marisa S\u00e1nchez S\u00e1nchez.<\/p>\n","protected":false},"excerpt":{"rendered":"<p>L\u2019espai d\u2019exposicions del Centre Sociosanitari El Carme (CSSC), el Passad\u00eds Art, acollir\u00e0 fins a finals de gener de 2026 la mostra \u201cContrastos\u201d, una selecci\u00f3 d\u2019obres del grup art\u00edstic del mateix nom integrat des de fa 20 anys per una quinzena de badalonins i badalonines que comparteixen passi\u00f3 per la pintura. Paisatges, retrats, bodegons o art [&hellip;]<\/p>\n","protected":false},"author":2,"featured_media":9858,"comment_status":"closed","ping_status":"open","sticky":false,"template":"","format":"standard","meta":{"footnotes":""},"categories":[25],"tags":[],"class_list":{"0":"post-9857","1":"post","2":"type-post","3":"status-publish","4":"format-standard","5":"has-post-thumbnail","7":"category-cultura"},"_links":{"self":[{"href":"https:\/\/areabadalona.com\/diario\/wp-json\/wp\/v2\/posts\/9857","targetHints":{"allow":["GET"]}}],"collection":[{"href":"https:\/\/areabadalona.com\/diario\/wp-json\/wp\/v2\/posts"}],"about":[{"href":"https:\/\/areabadalona.com\/diario\/wp-json\/wp\/v2\/types\/post"}],"author":[{"embeddable":true,"href":"https:\/\/areabadalona.com\/diario\/wp-json\/wp\/v2\/users\/2"}],"replies":[{"embeddable":true,"href":"https:\/\/areabadalona.com\/diario\/wp-json\/wp\/v2\/comments?post=9857"}],"version-history":[{"count":1,"href":"https:\/\/areabadalona.com\/diario\/wp-json\/wp\/v2\/posts\/9857\/revisions"}],"predecessor-version":[{"id":9859,"href":"https:\/\/areabadalona.com\/diario\/wp-json\/wp\/v2\/posts\/9857\/revisions\/9859"}],"wp:featuredmedia":[{"embeddable":true,"href":"https:\/\/areabadalona.com\/diario\/wp-json\/wp\/v2\/media\/9858"}],"wp:attachment":[{"href":"https:\/\/areabadalona.com\/diario\/wp-json\/wp\/v2\/media?parent=9857"}],"wp:term":[{"taxonomy":"category","embeddable":true,"href":"https:\/\/areabadalona.com\/diario\/wp-json\/wp\/v2\/categories?post=9857"},{"taxonomy":"post_tag","embeddable":true,"href":"https:\/\/areabadalona.com\/diario\/wp-json\/wp\/v2\/tags?post=9857"}],"curies":[{"name":"wp","href":"https:\/\/api.w.org\/{rel}","templated":true}]}}