{"id":9851,"date":"2025-12-10T09:35:39","date_gmt":"2025-12-10T09:35:39","guid":{"rendered":"https:\/\/areabadalona.com\/diario\/?p=9851"},"modified":"2025-12-10T09:35:40","modified_gmt":"2025-12-10T09:35:40","slug":"lajuntament-de-badalona-adjudicara-durant-la-primera-meitat-de-2026-els-primers-pisos-publics-de-lloguer-en-vint-anys","status":"publish","type":"post","link":"https:\/\/areabadalona.com\/diario\/2025\/12\/10\/lajuntament-de-badalona-adjudicara-durant-la-primera-meitat-de-2026-els-primers-pisos-publics-de-lloguer-en-vint-anys\/","title":{"rendered":"L\u2019Ajuntament de Badalona adjudicar\u00e0 durant la primera meitat de 2026 els primers pisos p\u00fablics de lloguer en vint anys"},"content":{"rendered":"\n<p>L\u2019Ajuntament de Badalona adjudicar\u00e0, durant la primera meitat del 2026, els primers pisos p\u00fablics de lloguer en vint anys. Aquests pisos, que ja estan constru\u00efts i estan ubicats en una promoci\u00f3 situada al barri del Gorg, han passat a ser propietat de l\u2019Ajuntament fruit d\u2019una modificaci\u00f3 del Pla General Metropolit\u00e0 per transformar el teixit industrial d\u2019aquesta \u00e0rea en zones residencials i espais verds.<\/p>\n\n\n\n<p>En total, l\u2019Ajuntament ha incorporat en aquesta promoci\u00f3 13 nous pisos de propietat municipal al parc p\u00fablic d\u2019habitatge. D\u2019aquests habitatges municipals, cinc s\u2019han adjudicat ja a persones amb qui hi havia un comprom\u00eds legal de reallotjament per permutes de terrenys on l\u2019Ajuntament est\u00e0 fent diferents actuacions. Els vuit pisos restants es destinaran a lloguer assequible i tindran un preu per sota dels que actualment es poden trobar al mercat.<\/p>\n\n\n\n<p>Els habitatges tenen diferents tipologies per adaptar-se a realitats socials diverses. En aquest sentit, els nous pisos municipals vans des dels 100 m\u00b2 i quatre habitacions als 69 m\u00b2 amb dues habitacions i tots disposen de pla\u00e7a d\u2019aparcament. Tamb\u00e9 hi ha un habitatge adaptat a persones amb mobilitat redu\u00efda.<\/p>\n\n\n\n<p>Podran optar a aquests habitatges tots els ve\u00efns de Badalona que compleixin els requisits estipulats. En els pr\u00f2xims mesos, l\u2019Ajuntament publicar\u00e0 un espai web on es podran trobar tant els habitatges d\u2019aquesta promoci\u00f3 com d\u2019altres blocs d\u2019habitatge p\u00fablic que est\u00e0 impulsant amb diferents f\u00f3rmules, aix\u00ed com els requeriments que cal complir per ser un dels adjudicataris. Els interessats podran fer sol\u00b7licituds a totes les promocions, sempre que compleixin les condicions indicades. Finalment, l\u2019assignaci\u00f3 dels pisos es far\u00e0 amb un sorteig davant notari.<\/p>\n\n\n\n<p>L\u2019alcalde de Badalona, Xavier Garcia Albiol, juntament amb el segon tinent d\u2019Alcaldia Daniel Gracia, ha visitat aquest dimarts al mat\u00ed la promoci\u00f3 d\u2019habitatges que compta amb 13 pisos de lloguer assequible de propietat municipal. Garcia Albiol s\u2019ha mostrat satisfet de la incorporaci\u00f3 dels nous pisos a la propietat municipal i ha indicat que aquests se sumen a les promocions d\u2019habitatge p\u00fablic que l\u2019Ajuntament construir\u00e0 als <a href=\"https:\/\/www.badalona.cat\/ca\/actualitat\/noticies\/badalona-construeix-dues-promocions-dhabitatge-public-per-primera-vegada-en-vint-anys\">barris de Canyad\u00f3, El Gorg<\/a>, <a href=\"https:\/\/www.badalona.cat\/ca\/actualitat\/noticies\/badalona-construira-dues-noves-promocions-dhabitatge-public-als-barris-de-la-pau-i-la-salut\">La Pau i La Salut<\/a>. L\u2019alcalde ha destacat que l\u2019Ajuntament avan\u00e7a amb dues l\u00ednies, d\u2019una banda, l\u2019habitatge social i, d\u2019altra banda, habitatge assequible per a la classe mitjana. \u201cDespr\u00e9s de 20 anys sense construir habitatge p\u00fablic, abans que acabi l\u2019actual mandat hi haur\u00e0 prop de 400 nous pisos al parc p\u00fablic d\u2019habitatge municipal que posarem a disposici\u00f3 dels ve\u00efns de Badalona per donar soluci\u00f3 al gran problema d\u2019habitatge que patim a la ciutat i a la resta del pa\u00eds\u201d, ha afirmat l\u2019alcalde.<\/p>\n","protected":false},"excerpt":{"rendered":"<p>L\u2019Ajuntament de Badalona adjudicar\u00e0, durant la primera meitat del 2026, els primers pisos p\u00fablics de lloguer en vint anys. Aquests pisos, que ja estan constru\u00efts i estan ubicats en una promoci\u00f3 situada al barri del Gorg, han passat a ser propietat de l\u2019Ajuntament fruit d\u2019una modificaci\u00f3 del Pla General Metropolit\u00e0 per transformar el teixit industrial [&hellip;]<\/p>\n","protected":false},"author":2,"featured_media":9852,"comment_status":"closed","ping_status":"open","sticky":false,"template":"","format":"standard","meta":{"footnotes":""},"categories":[23],"tags":[],"class_list":{"0":"post-9851","1":"post","2":"type-post","3":"status-publish","4":"format-standard","5":"has-post-thumbnail","7":"category-actualitat"},"_links":{"self":[{"href":"https:\/\/areabadalona.com\/diario\/wp-json\/wp\/v2\/posts\/9851","targetHints":{"allow":["GET"]}}],"collection":[{"href":"https:\/\/areabadalona.com\/diario\/wp-json\/wp\/v2\/posts"}],"about":[{"href":"https:\/\/areabadalona.com\/diario\/wp-json\/wp\/v2\/types\/post"}],"author":[{"embeddable":true,"href":"https:\/\/areabadalona.com\/diario\/wp-json\/wp\/v2\/users\/2"}],"replies":[{"embeddable":true,"href":"https:\/\/areabadalona.com\/diario\/wp-json\/wp\/v2\/comments?post=9851"}],"version-history":[{"count":1,"href":"https:\/\/areabadalona.com\/diario\/wp-json\/wp\/v2\/posts\/9851\/revisions"}],"predecessor-version":[{"id":9853,"href":"https:\/\/areabadalona.com\/diario\/wp-json\/wp\/v2\/posts\/9851\/revisions\/9853"}],"wp:featuredmedia":[{"embeddable":true,"href":"https:\/\/areabadalona.com\/diario\/wp-json\/wp\/v2\/media\/9852"}],"wp:attachment":[{"href":"https:\/\/areabadalona.com\/diario\/wp-json\/wp\/v2\/media?parent=9851"}],"wp:term":[{"taxonomy":"category","embeddable":true,"href":"https:\/\/areabadalona.com\/diario\/wp-json\/wp\/v2\/categories?post=9851"},{"taxonomy":"post_tag","embeddable":true,"href":"https:\/\/areabadalona.com\/diario\/wp-json\/wp\/v2\/tags?post=9851"}],"curies":[{"name":"wp","href":"https:\/\/api.w.org\/{rel}","templated":true}]}}