{"id":9802,"date":"2025-12-01T10:49:54","date_gmt":"2025-12-01T10:49:54","guid":{"rendered":"https:\/\/areabadalona.com\/diario\/?p=9802"},"modified":"2025-12-01T10:49:55","modified_gmt":"2025-12-01T10:49:55","slug":"badalona-en-comu-podem-denuncia-lincompliment-reiterat-de-la-llei-de-benestar-animal-per-part-de-lajuntament-de-badalona","status":"publish","type":"post","link":"https:\/\/areabadalona.com\/diario\/2025\/12\/01\/badalona-en-comu-podem-denuncia-lincompliment-reiterat-de-la-llei-de-benestar-animal-per-part-de-lajuntament-de-badalona\/","title":{"rendered":"Badalona En Com\u00fa Podem denuncia l\u2019incompliment reiterat de la Llei de Benestar Animal per part de l\u2019Ajuntament de Badalona"},"content":{"rendered":"\n<p>Badalona En Com\u00fa Podem ha tornat a presentar una moci\u00f3 al Ple a inst\u00e0ncia de les entitats de protecci\u00f3 animal per exigir que l\u2019Ajuntament compleixi les obligacions que marca la Llei 7\/2023.<\/p>\n\n\n\n<p>Des del grup municipal denuncien que s\u2019han vist obligats a presentar aquesta segona moci\u00f3 poc m\u00e9s d\u2019un any despr\u00e9s que la primera fos rebutjada pel govern municipal tot i l\u2019estat cr\u00edtic de les col\u00f2nies, per l\u2019absoluta deixadesa de l\u2019Ajuntament en aquesta mat\u00e8ria. Segons recull la moci\u00f3, el govern municipal continua sense licitar el contracte d\u2019esterilitzacions, tot i que els plecs t\u00e8cnics estan redactats des de 2023; no ha sol\u00b7licitat subvencions estatals; les entitats han hagut d\u2019assumir despeses veterin\u00e0ries insostenibles; i encara no s\u2019han abonat les subvencions municipals de 2025.<\/p>\n\n\n\n<p>Tamb\u00e9 continua pendent de desenvolupament el programa de reconeixement del voluntariat i l\u2019emissi\u00f3 dels carnets d\u2019alimentadores que va comen\u00e7ar l\u2019anterior govern, amb la regidora Rosa Trenado al capdavant.<\/p>\n\n\n\n<p>Segons la portaveu del grup, Rosa Trenado, \u201csom davant d\u2019un incompliment flagrant i reiterat de la Llei de Benestar Animal pel que fa a la gesti\u00f3 de les col\u00f2nies felines. No estem parlant d\u2019un descuit puntual, \u00e9s deixadesa i una absoluta falta de voluntat pol\u00edtica, ja que el govern ni tan sols s\u2019ha presentat al programa estatal de subvencions pel desenvolupament del m\u00e8tode CER (Captura, Esterilitzaci\u00f3 i Retorn).\u201d<\/p>\n\n\n\n<p>Trenado ha criticat durament el paper de la regidoria, ja que considera que el poc que es fa \u00e9s feina heretada del seu mandat, com l\u2019eliminaci\u00f3 de la taxa de registre al cens municipal, per\u00f2 que no hi ha cap iniciativa ni cap comprom\u00eds amb la defensa dels drets dels animals. \u201cQui est\u00e0 sostenint les col\u00f2nies felines s\u00f3n les entitats i les persones volunt\u00e0ries, mentre l\u2019Ajuntament mira cap a una altra banda.\u201d<\/p>\n\n\n\n<p>Amb aquesta moci\u00f3, Badalona En Com\u00fa Podem reafirma el seu comprom\u00eds amb el benestar animal i exigeix al govern municipal que posi fi a la inacci\u00f3, assumeixi les seves responsabilitats legals i garanteixi de manera urgent una gesti\u00f3 adequada, coordinada i dotada dels recursos necessaris a les entitats encarregades de la gesti\u00f3 de les col\u00f2nies felines.<\/p>\n\n\n\n<p><strong>Equip de Comunicaci\u00f3<\/strong> <strong>Badalona En Com\u00fa<\/strong><\/p>\n","protected":false},"excerpt":{"rendered":"<p>Badalona En Com\u00fa Podem ha tornat a presentar una moci\u00f3 al Ple a inst\u00e0ncia de les entitats de protecci\u00f3 animal per exigir que l\u2019Ajuntament compleixi les obligacions que marca la Llei 7\/2023. Des del grup municipal denuncien que s\u2019han vist obligats a presentar aquesta segona moci\u00f3 poc m\u00e9s d\u2019un any despr\u00e9s que la primera fos [&hellip;]<\/p>\n","protected":false},"author":2,"featured_media":9803,"comment_status":"closed","ping_status":"open","sticky":false,"template":"","format":"standard","meta":{"footnotes":""},"categories":[23],"tags":[],"class_list":{"0":"post-9802","1":"post","2":"type-post","3":"status-publish","4":"format-standard","5":"has-post-thumbnail","7":"category-actualitat"},"_links":{"self":[{"href":"https:\/\/areabadalona.com\/diario\/wp-json\/wp\/v2\/posts\/9802","targetHints":{"allow":["GET"]}}],"collection":[{"href":"https:\/\/areabadalona.com\/diario\/wp-json\/wp\/v2\/posts"}],"about":[{"href":"https:\/\/areabadalona.com\/diario\/wp-json\/wp\/v2\/types\/post"}],"author":[{"embeddable":true,"href":"https:\/\/areabadalona.com\/diario\/wp-json\/wp\/v2\/users\/2"}],"replies":[{"embeddable":true,"href":"https:\/\/areabadalona.com\/diario\/wp-json\/wp\/v2\/comments?post=9802"}],"version-history":[{"count":1,"href":"https:\/\/areabadalona.com\/diario\/wp-json\/wp\/v2\/posts\/9802\/revisions"}],"predecessor-version":[{"id":9804,"href":"https:\/\/areabadalona.com\/diario\/wp-json\/wp\/v2\/posts\/9802\/revisions\/9804"}],"wp:featuredmedia":[{"embeddable":true,"href":"https:\/\/areabadalona.com\/diario\/wp-json\/wp\/v2\/media\/9803"}],"wp:attachment":[{"href":"https:\/\/areabadalona.com\/diario\/wp-json\/wp\/v2\/media?parent=9802"}],"wp:term":[{"taxonomy":"category","embeddable":true,"href":"https:\/\/areabadalona.com\/diario\/wp-json\/wp\/v2\/categories?post=9802"},{"taxonomy":"post_tag","embeddable":true,"href":"https:\/\/areabadalona.com\/diario\/wp-json\/wp\/v2\/tags?post=9802"}],"curies":[{"name":"wp","href":"https:\/\/api.w.org\/{rel}","templated":true}]}}