{"id":9799,"date":"2025-12-01T10:43:48","date_gmt":"2025-12-01T10:43:48","guid":{"rendered":"https:\/\/areabadalona.com\/diario\/?p=9799"},"modified":"2025-12-01T10:43:49","modified_gmt":"2025-12-01T10:43:49","slug":"el-psc-de-badalona-votara-en-contra-dels-pressupostos-el-govern-ha-promes-molt-i-ha-executat-poc","status":"publish","type":"post","link":"https:\/\/areabadalona.com\/diario\/2025\/12\/01\/el-psc-de-badalona-votara-en-contra-dels-pressupostos-el-govern-ha-promes-molt-i-ha-executat-poc\/","title":{"rendered":"El PSC de Badalona votar\u00e0 en contra dels pressupostos: el govern ha prom\u00e8s molt i ha executat poc"},"content":{"rendered":"\n<p>El PSC de Badalona ha anunciat avui que no donar\u00e0 suport al pressupost municipal per al 2026, que es debatr\u00e0 en el Ple del pr\u00f2xim 3 de desembre. Segons el president del grup municipal, Fernando Carrera, el vot negatiu respon sobretot a la profunda decepci\u00f3 amb la gesti\u00f3 del govern del PP. \u00abVam donar dos vots de confian\u00e7a als darrers dos pressupostos, conven\u00e7uts que servirien per millorar la ciutat. Per\u00f2, malauradament, la realitat \u00e9s que Badalona no ha avan\u00e7at. Van prometre de tot a la ciutadania i no han estat capa\u00e7os d&#8217;estar a l&#8217;altura de les expectatives\u00bb, ha lamentat Carrera. \u00abEl govern d&#8217;Albiol ha fet molts titulars i anuncis, per\u00f2 la majoria de les promeses continuen sense executar-se: habitatge p\u00fablic, serveis socials, atenci\u00f3 a la gent gran, reforma de mercats, equipaments educatius i culturals, obres p\u00fabliques i seguretat. La ciutadania paga m\u00e9s impostos i taxes, per\u00f2 no veu millores reals en els serveis, com per exemple el contracte de neteja prom\u00e8s\u00bb, ha denunciat el president socialista.<br><br>Els socialistes tamb\u00e9 han posat en relleu que projectes estrella del govern del PP, com la nova piscina municipal a la F\u00e0brica FOCUS, la CACI o les c\u00e0meres de seguretat, continuen pendents, i que tampoc s&#8217;han materialitzat tots els acords pactats amb el PSC.<br><br>\u00abHem donat confian\u00e7a i hem treballat per aconseguir grans acords de ciutat. Per\u00f2 despr\u00e9s de dos anys i mig, els compromisos continuen sense complir-se. Per aix\u00f2 votarem en contra del pressupost. Badalona necessita un govern que executi el que promet i que gestioni de veritat\u00bb, ha concl\u00f2s Carrera.<\/p>\n\n\n\n<p><strong>PSC BDN<\/strong><\/p>\n","protected":false},"excerpt":{"rendered":"<p>El PSC de Badalona ha anunciat avui que no donar\u00e0 suport al pressupost municipal per al 2026, que es debatr\u00e0 en el Ple del pr\u00f2xim 3 de desembre. Segons el president del grup municipal, Fernando Carrera, el vot negatiu respon sobretot a la profunda decepci\u00f3 amb la gesti\u00f3 del govern del PP. \u00abVam donar dos [&hellip;]<\/p>\n","protected":false},"author":2,"featured_media":9800,"comment_status":"closed","ping_status":"open","sticky":false,"template":"","format":"standard","meta":{"footnotes":""},"categories":[23],"tags":[],"class_list":{"0":"post-9799","1":"post","2":"type-post","3":"status-publish","4":"format-standard","5":"has-post-thumbnail","7":"category-actualitat"},"_links":{"self":[{"href":"https:\/\/areabadalona.com\/diario\/wp-json\/wp\/v2\/posts\/9799","targetHints":{"allow":["GET"]}}],"collection":[{"href":"https:\/\/areabadalona.com\/diario\/wp-json\/wp\/v2\/posts"}],"about":[{"href":"https:\/\/areabadalona.com\/diario\/wp-json\/wp\/v2\/types\/post"}],"author":[{"embeddable":true,"href":"https:\/\/areabadalona.com\/diario\/wp-json\/wp\/v2\/users\/2"}],"replies":[{"embeddable":true,"href":"https:\/\/areabadalona.com\/diario\/wp-json\/wp\/v2\/comments?post=9799"}],"version-history":[{"count":1,"href":"https:\/\/areabadalona.com\/diario\/wp-json\/wp\/v2\/posts\/9799\/revisions"}],"predecessor-version":[{"id":9801,"href":"https:\/\/areabadalona.com\/diario\/wp-json\/wp\/v2\/posts\/9799\/revisions\/9801"}],"wp:featuredmedia":[{"embeddable":true,"href":"https:\/\/areabadalona.com\/diario\/wp-json\/wp\/v2\/media\/9800"}],"wp:attachment":[{"href":"https:\/\/areabadalona.com\/diario\/wp-json\/wp\/v2\/media?parent=9799"}],"wp:term":[{"taxonomy":"category","embeddable":true,"href":"https:\/\/areabadalona.com\/diario\/wp-json\/wp\/v2\/categories?post=9799"},{"taxonomy":"post_tag","embeddable":true,"href":"https:\/\/areabadalona.com\/diario\/wp-json\/wp\/v2\/tags?post=9799"}],"curies":[{"name":"wp","href":"https:\/\/api.w.org\/{rel}","templated":true}]}}