{"id":9797,"date":"2025-11-28T11:43:24","date_gmt":"2025-11-28T11:43:24","guid":{"rendered":"https:\/\/areabadalona.com\/diario\/?p=9797"},"modified":"2025-11-28T11:43:24","modified_gmt":"2025-11-28T11:43:24","slug":"el-psc-de-badalona-reclama-al-govern-del-pp-que-retiri-el-pressupost-del-2026-per-no-incloure-lincrement-salarial-dels-treballadors-publics","status":"publish","type":"post","link":"https:\/\/areabadalona.com\/diario\/2025\/11\/28\/el-psc-de-badalona-reclama-al-govern-del-pp-que-retiri-el-pressupost-del-2026-per-no-incloure-lincrement-salarial-dels-treballadors-publics\/","title":{"rendered":"El PSC de Badalona reclama al govern del PP que retiri el pressupost del 2026 per no incloure l&#8217;increment salarial dels treballadors p\u00fablics"},"content":{"rendered":"\n<p>El Grup Municipal Socialista ha denunciat que el projecte de pressupost per al 2026 presentat pel govern del PP no incorpora els increments salarials pactats entre el Ministeri per a la Transformaci\u00f3 Digital i de la Funci\u00f3 P\u00fablica i les organitzacions sindicals. L&#8217;acord preveu una pujada del 2,5% per al 2025 i de l&#8217;1,5% per al 2026, amb un 0,5% addicional condicionat a l&#8217;evoluci\u00f3 de l&#8217;IPC si aquest arriba o supera l&#8217;1,5%.<\/p>\n\n\n\n<p>Els socialistes alerten que el cap\u00edtol 1, destinat a despeses de personal, no reflecteix cap increment substancial, fet que pot comprometre la capacitat de l&#8217;Ajuntament de Badalona per assumir el pagament dels salaris del personal p\u00fablic el 2026. A m\u00e9s, recorden que la normativa pressupost\u00e0ria exigeix que els comptes municipals ofereixin una imatge fidel de la situaci\u00f3 real d&#8217;ingressos i despeses. En aquest cas, assenyalen, \u00e9s evident que aquesta condici\u00f3 no es compleix.<\/p>\n\n\n\n<p>Davant aquesta manca de rigor i previsi\u00f3, el PSC ha reclamat formalment en la Comissi\u00f3 Informativa d&#8217;aquest divendres que el govern del PP retiri i refaci el pressupost de 2026, incorporant-hi les obligacions salarials acordades i ajustant el cap\u00edtol de personal a les necessitats reals de la plantilla municipal.<\/p>\n\n\n\n<p>D&#8217;altra banda, el PSC recorda que el Reglament de Participaci\u00f3 estableix que l&#8217;Audi\u00e8ncia P\u00fablica s&#8217;ha de convocar amb un m\u00ednim de 15 dies d&#8217;antelaci\u00f3. Tanmateix, l&#8217;audi\u00e8ncia per presentar el pressupost, celebrada aquest dijous, nom\u00e9s va ser convocada amb 3 dies de marge, incomplint aix\u00ed els terminis fixats pel propi reglament municipal.<\/p>\n","protected":false},"excerpt":{"rendered":"<p>El Grup Municipal Socialista ha denunciat que el projecte de pressupost per al 2026 presentat pel govern del PP no incorpora els increments salarials pactats entre el Ministeri per a la Transformaci\u00f3 Digital i de la Funci\u00f3 P\u00fablica i les organitzacions sindicals. L&#8217;acord preveu una pujada del 2,5% per al 2025 i de l&#8217;1,5% per [&hellip;]<\/p>\n","protected":false},"author":2,"featured_media":5393,"comment_status":"closed","ping_status":"open","sticky":false,"template":"","format":"standard","meta":{"footnotes":""},"categories":[23],"tags":[],"class_list":{"0":"post-9797","1":"post","2":"type-post","3":"status-publish","4":"format-standard","5":"has-post-thumbnail","7":"category-actualitat"},"_links":{"self":[{"href":"https:\/\/areabadalona.com\/diario\/wp-json\/wp\/v2\/posts\/9797","targetHints":{"allow":["GET"]}}],"collection":[{"href":"https:\/\/areabadalona.com\/diario\/wp-json\/wp\/v2\/posts"}],"about":[{"href":"https:\/\/areabadalona.com\/diario\/wp-json\/wp\/v2\/types\/post"}],"author":[{"embeddable":true,"href":"https:\/\/areabadalona.com\/diario\/wp-json\/wp\/v2\/users\/2"}],"replies":[{"embeddable":true,"href":"https:\/\/areabadalona.com\/diario\/wp-json\/wp\/v2\/comments?post=9797"}],"version-history":[{"count":1,"href":"https:\/\/areabadalona.com\/diario\/wp-json\/wp\/v2\/posts\/9797\/revisions"}],"predecessor-version":[{"id":9798,"href":"https:\/\/areabadalona.com\/diario\/wp-json\/wp\/v2\/posts\/9797\/revisions\/9798"}],"wp:featuredmedia":[{"embeddable":true,"href":"https:\/\/areabadalona.com\/diario\/wp-json\/wp\/v2\/media\/5393"}],"wp:attachment":[{"href":"https:\/\/areabadalona.com\/diario\/wp-json\/wp\/v2\/media?parent=9797"}],"wp:term":[{"taxonomy":"category","embeddable":true,"href":"https:\/\/areabadalona.com\/diario\/wp-json\/wp\/v2\/categories?post=9797"},{"taxonomy":"post_tag","embeddable":true,"href":"https:\/\/areabadalona.com\/diario\/wp-json\/wp\/v2\/tags?post=9797"}],"curies":[{"name":"wp","href":"https:\/\/api.w.org\/{rel}","templated":true}]}}