{"id":9794,"date":"2025-11-28T11:42:23","date_gmt":"2025-11-28T11:42:23","guid":{"rendered":"https:\/\/areabadalona.com\/diario\/?p=9794"},"modified":"2025-11-28T11:42:23","modified_gmt":"2025-11-28T11:42:23","slug":"badalona-en-comu-podem-presenta-una-mocio-per-reactivar-loperacio-hivern-i-recuperar-les-politiques-pel-sensellarisme","status":"publish","type":"post","link":"https:\/\/areabadalona.com\/diario\/2025\/11\/28\/badalona-en-comu-podem-presenta-una-mocio-per-reactivar-loperacio-hivern-i-recuperar-les-politiques-pel-sensellarisme\/","title":{"rendered":"Badalona En Com\u00fa Podem presenta una moci\u00f3 per reactivar l\u2019Operaci\u00f3 Hivern i recuperar les pol\u00edtiques pel sensellarisme"},"content":{"rendered":"\n<p>El Grup Municipal Badalona En Com\u00fa Podem (BECP) ha registrat una moci\u00f3 pel proper Ple Municipal de dilluns 1 de desembre, per reactivar de manera immediata l\u2019Operaci\u00f3 Hivern, reobrir l\u2019alberg municipal de Can Bof\u00ed Vell i reprendre la participaci\u00f3 institucional a la Taula Sense Llar de Badalona, amb l\u2019objectiu d\u2019assegurar una resposta digna i estructural a les persones que dormen al carrer.<\/p>\n\n\n\n<p>La moci\u00f3 denuncia que, des del tancament de l\u2019alberg de Can Bof\u00ed Vell l\u2019abril del 2024 i l\u2019abandonament de la Taula Sense Llar per part del govern del Partit Popular, Badalona ha quedat sense recursos municipals d\u2019emerg\u00e8ncia residencial i ha trencat els espais de coordinaci\u00f3 amb les entitats socials especialitzades.<\/p>\n\n\n\n<p>Tal i com denuncia la presidenta del grup municipal de BECP, A\u00efda Llaurad\u00f3, \u00ab<em><strong>El govern del PP ha abandonat a les persones sense llar de Badalona, tamb\u00e9 durant l\u2019hivern<\/strong><\/em>\u00bb. A m\u00e9s, afegeix, \u201c<strong>Cap persona hauria de dormir al carrer ni a l\u2019hivern ni en cap altre moment de l\u2019any\u201d.<\/strong><\/p>\n\n\n\n<p>En aquest sentit, Llaurad\u00f3 ha denunciat la \u201cirresponsabilitat\u201d del govern d\u2019Albiol en deixar la ciutat sense dispositius d\u2019urg\u00e8ncia: \u201c<em><strong>La primera obligaci\u00f3 d\u2019un ajuntament \u00e9s protegir la vida i la dignitat de les persones. Aquest govern <\/strong><\/em><em><strong>segueix<\/strong><\/em><em><strong> deixa<\/strong><\/em><em><strong>nt<\/strong><\/em><em><strong> Badalona sense Operaci\u00f3 Hivern i sense alberg. Aix\u00f2 \u00e9s cruel i del tot injustificable.<\/strong><\/em>\u201d<\/p>\n\n\n\n<p>Llaurad\u00f3 tamb\u00e9 ha recordat que Badalona va tenir un model pioner a Badalona d\u2019Operaci\u00f3 Hivern impulsat durant el mandat 2019: el primer contracte municipal amb estada, dutxes, servei d\u2019\u00e0pats i seguiment social, que ella mateixa va impulsar els primers mesos del mandat passat: \u201c<em><strong>Sabem com fer-ho perqu\u00e8 ja ho vam fer. La ciutat no pot retrocedir. Recuperar l\u2019alberg i reactivar l\u2019Operaci\u00f3 Hivern \u00e9s una q\u00fcesti\u00f3 de drets humans<\/strong><\/em>.\u201d<\/p>\n\n\n\n<p><strong>La moci\u00f3 exigeix tres mesures immediates<\/strong><\/p>\n\n\n\n<p>&#8211; Posar en marxa urgentment un dispositiu complet d\u2019Operaci\u00f3 Hivern, obert cada dia fins al final de l\u2019estaci\u00f3, amb pernoctaci\u00f3, dutxes, higiene i \u00e0pats.<\/p>\n\n\n\n<p>&#8211; Reobrir l\u2019alberg municipal de Can Bof\u00ed Vell com a recurs estable d\u2019acollida nocturna i atenci\u00f3 social.<\/p>\n\n\n\n<p>&#8211; Recuperar la participaci\u00f3 activa de l\u2019Ajuntament a la Taula Sense Llar, per garantir coordinaci\u00f3, diagnosi compartida i pol\u00edtiques p\u00fabliques eficaces.<\/p>\n\n\n\n<p>Llaurad\u00f3 ha criticat que abandonar aquestes pol\u00edtiques no nom\u00e9s agreuja la situaci\u00f3 de les persones sense llar, sin\u00f3 que trenca la cooperaci\u00f3 entre administraci\u00f3 i entitats socials: \u201c<em><strong>Estem davant d\u2019un govern que ha fet tots els passos possibles enrere: <\/strong><\/em><em><strong>deixant <\/strong><\/em><em><strong>de treballar amb les entitats, deixa<\/strong><\/em><em><strong>nt<\/strong><\/em><em><strong> de planificar i tanca<\/strong><\/em><em><strong>nt<\/strong><\/em><em><strong> recursos, condemna<\/strong><\/em><em><strong>nt a les<\/strong><\/em><em><strong> persones vulnerables a viure al carrer. I aix\u00f2 no ho podem permetre.\u201d<\/strong><\/em><\/p>\n\n\n\n<p>La presidenta del grup ha concl\u00f2s que la moci\u00f3 busca \u201crecuperar una pol\u00edtica p\u00fablica que posi la vida al centre\u201d: \u201c<em><strong>Reactivem l\u2019Operaci\u00f3 Hivern i reobrim l\u2019alberg de manera immediata. Badalona no pot normalitzar el sensellarisme. Cal un govern que estigui a l\u2019altura.<\/strong><\/em>\u201d<\/p>\n","protected":false},"excerpt":{"rendered":"<p>El Grup Municipal Badalona En Com\u00fa Podem (BECP) ha registrat una moci\u00f3 pel proper Ple Municipal de dilluns 1 de desembre, per reactivar de manera immediata l\u2019Operaci\u00f3 Hivern, reobrir l\u2019alberg municipal de Can Bof\u00ed Vell i reprendre la participaci\u00f3 institucional a la Taula Sense Llar de Badalona, amb l\u2019objectiu d\u2019assegurar una resposta digna i estructural [&hellip;]<\/p>\n","protected":false},"author":2,"featured_media":9795,"comment_status":"closed","ping_status":"open","sticky":false,"template":"","format":"standard","meta":{"footnotes":""},"categories":[23],"tags":[],"class_list":{"0":"post-9794","1":"post","2":"type-post","3":"status-publish","4":"format-standard","5":"has-post-thumbnail","7":"category-actualitat"},"_links":{"self":[{"href":"https:\/\/areabadalona.com\/diario\/wp-json\/wp\/v2\/posts\/9794","targetHints":{"allow":["GET"]}}],"collection":[{"href":"https:\/\/areabadalona.com\/diario\/wp-json\/wp\/v2\/posts"}],"about":[{"href":"https:\/\/areabadalona.com\/diario\/wp-json\/wp\/v2\/types\/post"}],"author":[{"embeddable":true,"href":"https:\/\/areabadalona.com\/diario\/wp-json\/wp\/v2\/users\/2"}],"replies":[{"embeddable":true,"href":"https:\/\/areabadalona.com\/diario\/wp-json\/wp\/v2\/comments?post=9794"}],"version-history":[{"count":1,"href":"https:\/\/areabadalona.com\/diario\/wp-json\/wp\/v2\/posts\/9794\/revisions"}],"predecessor-version":[{"id":9796,"href":"https:\/\/areabadalona.com\/diario\/wp-json\/wp\/v2\/posts\/9794\/revisions\/9796"}],"wp:featuredmedia":[{"embeddable":true,"href":"https:\/\/areabadalona.com\/diario\/wp-json\/wp\/v2\/media\/9795"}],"wp:attachment":[{"href":"https:\/\/areabadalona.com\/diario\/wp-json\/wp\/v2\/media?parent=9794"}],"wp:term":[{"taxonomy":"category","embeddable":true,"href":"https:\/\/areabadalona.com\/diario\/wp-json\/wp\/v2\/categories?post=9794"},{"taxonomy":"post_tag","embeddable":true,"href":"https:\/\/areabadalona.com\/diario\/wp-json\/wp\/v2\/tags?post=9794"}],"curies":[{"name":"wp","href":"https:\/\/api.w.org\/{rel}","templated":true}]}}