{"id":9717,"date":"2025-11-12T10:42:25","date_gmt":"2025-11-12T10:42:25","guid":{"rendered":"https:\/\/areabadalona.com\/diario\/?p=9717"},"modified":"2025-11-14T10:43:15","modified_gmt":"2025-11-14T10:43:15","slug":"avancen-seguint-el-calendari-previst-les-obres-durbanitzacio-de-la-rambla-de-sant-joan-lactuacio-de-transformacio-urbanistica-mes-gran-executada-a-badalona-durant-la-darrera-decada","status":"publish","type":"post","link":"https:\/\/areabadalona.com\/diario\/2025\/11\/12\/avancen-seguint-el-calendari-previst-les-obres-durbanitzacio-de-la-rambla-de-sant-joan-lactuacio-de-transformacio-urbanistica-mes-gran-executada-a-badalona-durant-la-darrera-decada\/","title":{"rendered":"Avancen seguint el calendari previst les obres d\u2019urbanitzaci\u00f3 de la rambla de Sant Joan, l\u2019actuaci\u00f3 de transformaci\u00f3 urban\u00edstica m\u00e9s gran executada a Badalona durant la darrera d\u00e8cada"},"content":{"rendered":"\n<p>Les obres d\u2019urbanitzaci\u00f3 que transformaran completament la rambla de Sant Joan, el carrer del Torrent de la Batll\u00f2ria i la pla\u00e7a del Bar\u00f3 de Mald\u00e0 avancen segons el calendari previst i estaran enllestides durant l\u2019estiu de l\u2019any 2026. Es tracta de l\u2019actuaci\u00f3 de transformaci\u00f3 urban\u00edstica m\u00e9s gran que s\u2019ha executat en la darrera d\u00e8cada a Badalona, ja que afecta una superf\u00edcie de 25.000 m\u00b2.<\/p>\n\n\n\n<p>L\u2019execuci\u00f3 d\u2019aquest projecte suposa una reordenaci\u00f3 urban\u00edstica de l\u2019entorn de l\u2019\u00c0rea Residencial Estrat\u00e8gica (ARE) de l\u2019Estrella, millorant la connexi\u00f3 d\u2019aquesta zona de la ciutat amb la resta de la trama urbana. En aquest sentit, l\u2019execuci\u00f3 de les obres permetr\u00e0 endre\u00e7ar la mobilitat de la zona i reduir els embussos i la contaminaci\u00f3, ja que es traslladar\u00e0 la major part del tr\u00e0nsit a les vies principals, deixant les m\u00e9s petites per a la circulaci\u00f3 del ve\u00efns de la zona. Amb aquesta transformaci\u00f3 tamb\u00e9 es podran construir 233 habitatges, dels quals 132 seran de protecci\u00f3 oficial, constru\u00efts per agents tant p\u00fablics com privats.<\/p>\n\n\n\n<p>L\u2019actuaci\u00f3, a m\u00e9s de la renovaci\u00f3 de la pavimentaci\u00f3, les voreres, el clavegueram, la il\u00b7luminaci\u00f3 i el mobiliari urb\u00e0 dels carrers afectats, inclou la creaci\u00f3 de noves zones verdes, una d\u2019elles una gran pla\u00e7a verda de 5.000 m\u00b2 amb \u00e0rea de jocs infantils al solar de l\u2019antiga f\u00e0brica de l\u2019Estrella, al barri de Coll i Pujol. Amb la formaci\u00f3 d\u2019aquest nou pulm\u00f3 verd a la ciutat es transformar\u00e0 totalment la fesomia de la zona, deixant enrere les mancances urban\u00edstiques que t\u00e9 actualment per convertir-se en un espai amable i molt atractiu per als ve\u00efns.<\/p>\n\n\n\n<p>Les obres s\u2019han adjudicat per 5,2 milions d\u2019euros, i han estat contractades pel Consorci Urban\u00edstic pel Desenvolupament de l&#8217;\u00c0rea Residencial Estrat\u00e8gica de l&#8217;Estrella i Sant Crist, en tant que administraci\u00f3 actuant. El consorci est\u00e0 format per l\u2019Institut Catal\u00e0 del S\u00f2l, INCAS\u00d2L, i l\u2019Ajuntament de Badalona. A m\u00e9s d\u2019aix\u00f2, l\u2019Ajuntament t\u00e9 pressupostats 2,6 milions d\u2019euros per a actuacions fora de l\u2019\u00e0mbit de l\u2019ARE de l\u2019Estrella, de manera que la inversi\u00f3 global a la zona arriba als 7,8 milions.<\/p>\n\n\n\n<p>L\u2019alcalde de Badalona, Xavier Garcia Albiol, ha visitat aquest dimecres al mat\u00ed les obres d\u2019urbanitzaci\u00f3 de la rambla de Sant Joan acompanyat del segon tinent d\u2019alcaldia, Daniel Gracia, i de Jaume Vendrell, director de l&#8217;INCAS\u00d2L. Durant la visita l\u2019alcalde s\u2019ha mostrat molt satisfet de l\u2019aven\u00e7 de les obres i ha remarcat que \u201cestem davant d\u2019una actuaci\u00f3 que transforma Badalona, millora les connexions i la mobilitat de vehicles i vianants i augmenta la qualitat de vida dels ve\u00efns de l\u2019entorn\u201d. Garcia Albiol ha agra\u00eft als ve\u00efns la seva paci\u00e8ncia i comprensi\u00f3 davant aquesta actuaci\u00f3 que un cop enllestida haur\u00e0 durat prop de dos anys. \u201cAquesta actuaci\u00f3 \u00e9s la transformaci\u00f3 urban\u00edstica m\u00e9s gran que s\u2019ha executat a Badalona durant la darrera d\u00e8cada, suposa afectacions en la vida dels ve\u00efns de l\u2019entorn i estic segur que el resultat suposar\u00e0 un salt endavant molt gran i un canvi molt positiu per aquesta zona de la ciutat\u201d, ha afegit l\u2019alcalde.<\/p>\n\n\n\n<p>Per la seva part, Jaume Vendrell ha explicat que aquesta transformaci\u00f3 urban\u00edstica \u00e9s fruit de la col\u00b7laboraci\u00f3 i la lleialtat institucional. \u00abAvui visitem unes obres que suposen una millora vertebral de la ciutat, ja que es tracta d&#8217;una actuaci\u00f3 integral que implica noves vialitats, \u00e0rees verdes, serveis i habitatge lliure i amb protecci\u00f3\u00bb, ha destacat el director de l\u2019INCAS\u00d2L.<\/p>\n","protected":false},"excerpt":{"rendered":"<p>Les obres d\u2019urbanitzaci\u00f3 que transformaran completament la rambla de Sant Joan, el carrer del Torrent de la Batll\u00f2ria i la pla\u00e7a del Bar\u00f3 de Mald\u00e0 avancen segons el calendari previst i estaran enllestides durant l\u2019estiu de l\u2019any 2026. Es tracta de l\u2019actuaci\u00f3 de transformaci\u00f3 urban\u00edstica m\u00e9s gran que s\u2019ha executat en la darrera d\u00e8cada a [&hellip;]<\/p>\n","protected":false},"author":2,"featured_media":9718,"comment_status":"closed","ping_status":"open","sticky":false,"template":"","format":"standard","meta":{"footnotes":""},"categories":[23],"tags":[],"class_list":{"0":"post-9717","1":"post","2":"type-post","3":"status-publish","4":"format-standard","5":"has-post-thumbnail","7":"category-actualitat"},"_links":{"self":[{"href":"https:\/\/areabadalona.com\/diario\/wp-json\/wp\/v2\/posts\/9717","targetHints":{"allow":["GET"]}}],"collection":[{"href":"https:\/\/areabadalona.com\/diario\/wp-json\/wp\/v2\/posts"}],"about":[{"href":"https:\/\/areabadalona.com\/diario\/wp-json\/wp\/v2\/types\/post"}],"author":[{"embeddable":true,"href":"https:\/\/areabadalona.com\/diario\/wp-json\/wp\/v2\/users\/2"}],"replies":[{"embeddable":true,"href":"https:\/\/areabadalona.com\/diario\/wp-json\/wp\/v2\/comments?post=9717"}],"version-history":[{"count":1,"href":"https:\/\/areabadalona.com\/diario\/wp-json\/wp\/v2\/posts\/9717\/revisions"}],"predecessor-version":[{"id":9719,"href":"https:\/\/areabadalona.com\/diario\/wp-json\/wp\/v2\/posts\/9717\/revisions\/9719"}],"wp:featuredmedia":[{"embeddable":true,"href":"https:\/\/areabadalona.com\/diario\/wp-json\/wp\/v2\/media\/9718"}],"wp:attachment":[{"href":"https:\/\/areabadalona.com\/diario\/wp-json\/wp\/v2\/media?parent=9717"}],"wp:term":[{"taxonomy":"category","embeddable":true,"href":"https:\/\/areabadalona.com\/diario\/wp-json\/wp\/v2\/categories?post=9717"},{"taxonomy":"post_tag","embeddable":true,"href":"https:\/\/areabadalona.com\/diario\/wp-json\/wp\/v2\/tags?post=9717"}],"curies":[{"name":"wp","href":"https:\/\/api.w.org\/{rel}","templated":true}]}}