{"id":9714,"date":"2025-11-12T10:40:05","date_gmt":"2025-11-12T10:40:05","guid":{"rendered":"https:\/\/areabadalona.com\/diario\/?p=9714"},"modified":"2025-11-14T10:40:49","modified_gmt":"2025-11-14T10:40:49","slug":"badalona-celebra-la-1a-setmana-artistica-per-impulsar-la-creativitat-i-lart-jove-a-la-ciutat","status":"publish","type":"post","link":"https:\/\/areabadalona.com\/diario\/2025\/11\/12\/badalona-celebra-la-1a-setmana-artistica-per-impulsar-la-creativitat-i-lart-jove-a-la-ciutat\/","title":{"rendered":"Badalona celebra la 1a Setmana Art\u00edstica per impulsar la creativitat i l\u2019art jove a la ciutat"},"content":{"rendered":"\n<p>Del 14 al 21 de novembre, el Badiu Jove, els Espais Joves i diversos indrets de Badalona es transformaran en espais de creativitat i aprenentatge amb la celebraci\u00f3 de la <strong>1a Setmana Art\u00edstica de Badalona<\/strong>. Aquesta iniciativa del Departament de Joventut neix amb l\u2019objectiu d\u2019oferir als joves un espai per formar-se i compartir experi\u00e8ncies dins del m\u00f3n de la creaci\u00f3 art\u00edstica. Durant 10 dies es vol convertir la ciutat en un gran escenari ple d\u2019activitats que combinen l\u2019art, l\u2019emprenedoria i la participaci\u00f3 juvenil.<\/p>\n\n\n\n<p>La 1a Setmana Art\u00edstica de Badalona presenta una programaci\u00f3 elaborada pel Servei Juvenil de Badalona, en col\u00b7laboraci\u00f3 amb Te Creativa, La Perif\u00e8rica i entitats locals per apropar l\u2019art a la ciutadania, impulsar la creaci\u00f3 art\u00edstica al territori i oferir eines pr\u00e0ctiques a joves i professionals que vulguin desenvolupar el seu projecte art\u00edstic. S\u2019oferiran formacions sobre com emprendre en el m\u00f3n art\u00edstic;&nbsp; tallers de cer\u00e0mica, percussi\u00f3, cianot\u00edpia, disseny gr\u00e0fic, lettering, terraris, serigrafia, personalitzaci\u00f3 de roba i art urb\u00e0, aix\u00ed com curts de Filmets, rutes d\u2019art urb\u00e0 i actuacions musicals.<\/p>\n\n\n\n<p>La Setmana comen\u00e7ar\u00e0 el <strong>divendres 14 de novembre, a les 18 hores<\/strong>, al Badiu Jove (carrer d&#8217;Ausi\u00e0s Marc, 61) amb l\u2019acte d\u2019inauguraci\u00f3 que comptar\u00e0 amb la pres\u00e8ncia de la 4a tinent d\u2019alcalde, S\u00f2nia Egea, i la regidora de Joventut, Odalys S\u00e1nchez, aix\u00ed com amb m\u00fasica en directe, art en viu i l\u2019exposici\u00f3 &#8216;EspurnESS&#8217;. Es tracta de la primera exposici\u00f3 grupal sorgida de la 1a edici\u00f3 de la convocat\u00f2ria art\u00edstica d\u2019arts pl\u00e0stiques i visuals 2025, per posar en valor el talent local dels artistes vinculats al Barcelon\u00e8s Nord (Badalona, Sant Adri\u00e0 de Bes\u00f2s i Santa Coloma de Gramenet).<\/p>\n\n\n\n<p>A m\u00e9s, a la programaci\u00f3 s\u2019incorpora el projecte \u201cBadalona en Colors, remodelant la ciutat\u201d, una iniciativa de participaci\u00f3 juvenil que utilitza el graffiti i l\u2019art urb\u00e0 com a eina de transformaci\u00f3 social i expressi\u00f3 art\u00edstica. El projecte neix arran de l\u2019\u00e8xit d\u2019un taller del programa d\u2019estiu \u201cSummer Vibes\u201d, i constar\u00e0 de tres fases: formaci\u00f3 en t\u00e8cniques de graffiti, disseny col\u00b7lectiu del mural i execuci\u00f3 final sobre un mur de la ciutat.<\/p>\n\n\n\n<p>L\u2019acte de cloenda, que se celebrar\u00e0 <strong>el divendres 21 de novembre, a partir de les 17 hores<\/strong>, transformar\u00e0 la pla\u00e7a de Josep Verg\u00e9s i Vallmajor, al barri del Raval, en un espai de creaci\u00f3 col\u00b7lectiva, amb tallers de percussi\u00f3, combos musicals, concerts i serigrafia en directe, que posaran el punt final a aquesta celebraci\u00f3 de l\u2019art jove.<\/p>\n\n\n\n<p>\u201cAquesta primera edici\u00f3 de la Setmana Art\u00edstica volem consolidar-la com un punt de trobada anual per al talent jove i la creaci\u00f3 emergent a Badalona, connectant art, formaci\u00f3 i participaci\u00f3 ciutadana\u201d, ha explicat Odalys S\u00e1nchez, regidora de Joventut. \u201cDes del Departament de Joventut volem que els joves sentin que Badalona \u00e9s el seu llen\u00e7, un espai on expressar-se, transformar i deixar empremta\u201d, ha assenyalat. \u201c\u2018Badalona en Colors\u2019 \u00e9s l\u2019exemple perfecte de com la creativitat pot millorar els nostres barris\u201d, ha afegit la regidora.<\/p>\n\n\n\n<p>Totes les activitats s\u00f3n gratu\u00eftes, per\u00f2 algunes tenen places limitades.<\/p>\n","protected":false},"excerpt":{"rendered":"<p>Del 14 al 21 de novembre, el Badiu Jove, els Espais Joves i diversos indrets de Badalona es transformaran en espais de creativitat i aprenentatge amb la celebraci\u00f3 de la 1a Setmana Art\u00edstica de Badalona. Aquesta iniciativa del Departament de Joventut neix amb l\u2019objectiu d\u2019oferir als joves un espai per formar-se i compartir experi\u00e8ncies dins [&hellip;]<\/p>\n","protected":false},"author":2,"featured_media":9715,"comment_status":"closed","ping_status":"open","sticky":false,"template":"","format":"standard","meta":{"footnotes":""},"categories":[25],"tags":[],"class_list":{"0":"post-9714","1":"post","2":"type-post","3":"status-publish","4":"format-standard","5":"has-post-thumbnail","7":"category-cultura"},"_links":{"self":[{"href":"https:\/\/areabadalona.com\/diario\/wp-json\/wp\/v2\/posts\/9714","targetHints":{"allow":["GET"]}}],"collection":[{"href":"https:\/\/areabadalona.com\/diario\/wp-json\/wp\/v2\/posts"}],"about":[{"href":"https:\/\/areabadalona.com\/diario\/wp-json\/wp\/v2\/types\/post"}],"author":[{"embeddable":true,"href":"https:\/\/areabadalona.com\/diario\/wp-json\/wp\/v2\/users\/2"}],"replies":[{"embeddable":true,"href":"https:\/\/areabadalona.com\/diario\/wp-json\/wp\/v2\/comments?post=9714"}],"version-history":[{"count":1,"href":"https:\/\/areabadalona.com\/diario\/wp-json\/wp\/v2\/posts\/9714\/revisions"}],"predecessor-version":[{"id":9716,"href":"https:\/\/areabadalona.com\/diario\/wp-json\/wp\/v2\/posts\/9714\/revisions\/9716"}],"wp:featuredmedia":[{"embeddable":true,"href":"https:\/\/areabadalona.com\/diario\/wp-json\/wp\/v2\/media\/9715"}],"wp:attachment":[{"href":"https:\/\/areabadalona.com\/diario\/wp-json\/wp\/v2\/media?parent=9714"}],"wp:term":[{"taxonomy":"category","embeddable":true,"href":"https:\/\/areabadalona.com\/diario\/wp-json\/wp\/v2\/categories?post=9714"},{"taxonomy":"post_tag","embeddable":true,"href":"https:\/\/areabadalona.com\/diario\/wp-json\/wp\/v2\/tags?post=9714"}],"curies":[{"name":"wp","href":"https:\/\/api.w.org\/{rel}","templated":true}]}}