{"id":9707,"date":"2025-11-14T10:35:01","date_gmt":"2025-11-14T10:35:01","guid":{"rendered":"https:\/\/areabadalona.com\/diario\/?p=9707"},"modified":"2025-11-14T10:35:03","modified_gmt":"2025-11-14T10:35:03","slug":"jornada-danellament-docells-a-lescola-de-natura-angeleta-ferrer-de-badalona-per-coneixer-les-especies-que-viuen-a-la-serralada-de-marina","status":"publish","type":"post","link":"https:\/\/areabadalona.com\/diario\/2025\/11\/14\/jornada-danellament-docells-a-lescola-de-natura-angeleta-ferrer-de-badalona-per-coneixer-les-especies-que-viuen-a-la-serralada-de-marina\/","title":{"rendered":"Jornada d\u2019anellament d&#8217;ocells a l\u2019Escola de Natura Angeleta Ferrer de Badalona per con\u00e8ixer les esp\u00e8cies que viuen a la Serralada de Marina"},"content":{"rendered":"\n<p>La masia de Can Miravitges acollir\u00e0 el dissabte 15 de novembre una jornada de portes obertes on es portar\u00e0 a terme l\u2019anellament d\u2019ocells de les esp\u00e8cies que viuen en l\u2019entorn d\u2019aquesta masia, seu de l\u2019Escola de Natura Angeleta Ferrer. L\u2019activitat gratu\u00efta, en horari de 10 a 13.30 hores, est\u00e0 adre\u00e7ada al p\u00fablic familiar. Per a assistir-hi no cal inscripci\u00f3 pr\u00e8via.<\/p>\n\n\n\n<p>Els participants podran descobrir, con\u00e8ixer i veure de ben a prop els ocells que viuen entorn de la masia de Can Miravitges &#8211; Escola de Natura Angeleta Ferrer, situada a la serralada de Marina. Durant el mat\u00ed es podr\u00e0 veure com s\u2019anellen i s\u2019estudien els ocells que un ornit\u00f2leg especialitzat haur\u00e0 capturat pr\u00e8viament a la zona. Un cop s\u2019hagin anellat, i explicat per part de l\u2019ornit\u00f2leg les caracter\u00edstiques de cada esp\u00e8cie capturada, els ocells es posaran de nou en llibertat. Tamb\u00e9 s\u2019analitzar\u00e0 la import\u00e0ncia de l\u2019anellament com a m\u00e8tode d\u2019estudi de les aus i s\u2019explicar\u00e0 la import\u00e0ncia que tenen els parcs naturals com a llocs de nidificaci\u00f3, descans i h\u00e0bitat per a nombroses esp\u00e8cies d\u2019aus.<\/p>\n\n\n\n<p>No cal fer inscripci\u00f3 pr\u00e8via. Per a qualsevol informaci\u00f3 podeu trucar a l\u2019\u00c0rea de Medi Ambient de l\u2019Ajuntament de Badalona als tel\u00e8fons 93 483 29 89 o 93 483 26 71 o consultar el web <a href=\"http:\/\/www.badalona.cat\/\">badalona.cat<\/a>.<\/p>\n\n\n\n<p><strong>Com arribar-hi<\/strong><\/p>\n\n\n\n<p>Es recomana accedir-hi en transport p\u00fablic i evitar d\u2019anar-hi amb vehicle privat.<\/p>\n\n\n\n<p>Bus: l\u00ednies M28, B24 i M6. S\u2019ha de baixar a la parada de l\u2019Escola de Natura i seguir a peu (5 min.) pel cam\u00ed de Can Miravitges.<\/p>\n","protected":false},"excerpt":{"rendered":"<p>La masia de Can Miravitges acollir\u00e0 el dissabte 15 de novembre una jornada de portes obertes on es portar\u00e0 a terme l\u2019anellament d\u2019ocells de les esp\u00e8cies que viuen en l\u2019entorn d\u2019aquesta masia, seu de l\u2019Escola de Natura Angeleta Ferrer. L\u2019activitat gratu\u00efta, en horari de 10 a 13.30 hores, est\u00e0 adre\u00e7ada al p\u00fablic familiar. Per a [&hellip;]<\/p>\n","protected":false},"author":2,"featured_media":9708,"comment_status":"closed","ping_status":"open","sticky":false,"template":"","format":"standard","meta":{"footnotes":""},"categories":[23],"tags":[],"class_list":{"0":"post-9707","1":"post","2":"type-post","3":"status-publish","4":"format-standard","5":"has-post-thumbnail","7":"category-actualitat"},"_links":{"self":[{"href":"https:\/\/areabadalona.com\/diario\/wp-json\/wp\/v2\/posts\/9707","targetHints":{"allow":["GET"]}}],"collection":[{"href":"https:\/\/areabadalona.com\/diario\/wp-json\/wp\/v2\/posts"}],"about":[{"href":"https:\/\/areabadalona.com\/diario\/wp-json\/wp\/v2\/types\/post"}],"author":[{"embeddable":true,"href":"https:\/\/areabadalona.com\/diario\/wp-json\/wp\/v2\/users\/2"}],"replies":[{"embeddable":true,"href":"https:\/\/areabadalona.com\/diario\/wp-json\/wp\/v2\/comments?post=9707"}],"version-history":[{"count":1,"href":"https:\/\/areabadalona.com\/diario\/wp-json\/wp\/v2\/posts\/9707\/revisions"}],"predecessor-version":[{"id":9709,"href":"https:\/\/areabadalona.com\/diario\/wp-json\/wp\/v2\/posts\/9707\/revisions\/9709"}],"wp:featuredmedia":[{"embeddable":true,"href":"https:\/\/areabadalona.com\/diario\/wp-json\/wp\/v2\/media\/9708"}],"wp:attachment":[{"href":"https:\/\/areabadalona.com\/diario\/wp-json\/wp\/v2\/media?parent=9707"}],"wp:term":[{"taxonomy":"category","embeddable":true,"href":"https:\/\/areabadalona.com\/diario\/wp-json\/wp\/v2\/categories?post=9707"},{"taxonomy":"post_tag","embeddable":true,"href":"https:\/\/areabadalona.com\/diario\/wp-json\/wp\/v2\/tags?post=9707"}],"curies":[{"name":"wp","href":"https:\/\/api.w.org\/{rel}","templated":true}]}}