{"id":9703,"date":"2025-11-12T11:57:29","date_gmt":"2025-11-12T11:57:29","guid":{"rendered":"https:\/\/areabadalona.com\/diario\/?p=9703"},"modified":"2025-11-12T11:57:29","modified_gmt":"2025-11-12T11:57:29","slug":"el-museu-de-badalona-presenta-lexposicio-gerard-sala-antologies-dedicada-a-aquest-artista-polifacetic","status":"publish","type":"post","link":"https:\/\/areabadalona.com\/diario\/2025\/11\/12\/el-museu-de-badalona-presenta-lexposicio-gerard-sala-antologies-dedicada-a-aquest-artista-polifacetic\/","title":{"rendered":"El Museu de Badalona presenta l\u2019exposici\u00f3 \u201cGerard Sala. Antologies\u201d dedicada a aquest artista polifac\u00e8tic"},"content":{"rendered":"\n<p>Gerard Sala Rossell\u00f3 (Tona, 1942 \u2013 Badalona, 2024), mort ara fa tot just un any, va ser un artista polifac\u00e8tic que va destacar sobretot en l\u2019\u00e0mbit de la pintura, encara que en la seva obra hi ha peces properes a l\u2019escultura i escultures pr\u00f2piament dites. A m\u00e9s, va conrear tamb\u00e9 la poesia. Enquadrat en l\u2019anomenada Generaci\u00f3 del 66, \u00e9s una de les figures clau de l\u2019art d\u2019avantguarda a Catalunya.<\/p>\n\n\n\n<p>L\u2019exposici\u00f3 que ha preparat el Museu, que compta amb el comissariat de les seves filles, \u00e9s una mostra antol\u00f2gica que gira entorn els grans temes i interessos que Gerard Sala va manifestar en tota la seva vida art\u00edstica.<\/p>\n","protected":false},"excerpt":{"rendered":"<p>Gerard Sala Rossell\u00f3 (Tona, 1942 \u2013 Badalona, 2024), mort ara fa tot just un any, va ser un artista polifac\u00e8tic que va destacar sobretot en l\u2019\u00e0mbit de la pintura, encara que en la seva obra hi ha peces properes a l\u2019escultura i escultures pr\u00f2piament dites. A m\u00e9s, va conrear tamb\u00e9 la poesia. Enquadrat en l\u2019anomenada [&hellip;]<\/p>\n","protected":false},"author":2,"featured_media":9704,"comment_status":"closed","ping_status":"open","sticky":false,"template":"","format":"standard","meta":{"footnotes":""},"categories":[25],"tags":[],"class_list":{"0":"post-9703","1":"post","2":"type-post","3":"status-publish","4":"format-standard","5":"has-post-thumbnail","7":"category-cultura"},"_links":{"self":[{"href":"https:\/\/areabadalona.com\/diario\/wp-json\/wp\/v2\/posts\/9703","targetHints":{"allow":["GET"]}}],"collection":[{"href":"https:\/\/areabadalona.com\/diario\/wp-json\/wp\/v2\/posts"}],"about":[{"href":"https:\/\/areabadalona.com\/diario\/wp-json\/wp\/v2\/types\/post"}],"author":[{"embeddable":true,"href":"https:\/\/areabadalona.com\/diario\/wp-json\/wp\/v2\/users\/2"}],"replies":[{"embeddable":true,"href":"https:\/\/areabadalona.com\/diario\/wp-json\/wp\/v2\/comments?post=9703"}],"version-history":[{"count":1,"href":"https:\/\/areabadalona.com\/diario\/wp-json\/wp\/v2\/posts\/9703\/revisions"}],"predecessor-version":[{"id":9705,"href":"https:\/\/areabadalona.com\/diario\/wp-json\/wp\/v2\/posts\/9703\/revisions\/9705"}],"wp:featuredmedia":[{"embeddable":true,"href":"https:\/\/areabadalona.com\/diario\/wp-json\/wp\/v2\/media\/9704"}],"wp:attachment":[{"href":"https:\/\/areabadalona.com\/diario\/wp-json\/wp\/v2\/media?parent=9703"}],"wp:term":[{"taxonomy":"category","embeddable":true,"href":"https:\/\/areabadalona.com\/diario\/wp-json\/wp\/v2\/categories?post=9703"},{"taxonomy":"post_tag","embeddable":true,"href":"https:\/\/areabadalona.com\/diario\/wp-json\/wp\/v2\/tags?post=9703"}],"curies":[{"name":"wp","href":"https:\/\/api.w.org\/{rel}","templated":true}]}}