{"id":9700,"date":"2025-11-12T11:56:15","date_gmt":"2025-11-12T11:56:15","guid":{"rendered":"https:\/\/areabadalona.com\/diario\/?p=9700"},"modified":"2025-11-12T11:56:16","modified_gmt":"2025-11-12T11:56:16","slug":"el-psc-de-badalona-reclama-que-lajuntament-inclogui-la-piscina-municipal-de-sistrells-en-el-pla-de-xoc-de-modernitzacio-dequipaments-esportius-de-la-generalitat","status":"publish","type":"post","link":"https:\/\/areabadalona.com\/diario\/2025\/11\/12\/el-psc-de-badalona-reclama-que-lajuntament-inclogui-la-piscina-municipal-de-sistrells-en-el-pla-de-xoc-de-modernitzacio-dequipaments-esportius-de-la-generalitat\/","title":{"rendered":"El PSC de Badalona reclama que l&#8217;Ajuntament inclogui la piscina municipal de Sistrells en el pla de xoc de modernitzaci\u00f3 d&#8217;equipaments esportius de la Generalitat"},"content":{"rendered":"\n<p><strong><br><\/strong><br>El grup municipal del PSC de Badalona ha demanat aquest dimecres que el govern del PP presenti amb car\u00e0cter urgent la piscina municipal de Sistrells dins del pla de xoc per a la modernitzaci\u00f3 dels equipaments esportius locals que impulsa la Generalitat de Catalunya. Aquest programa, que ja est\u00e0 obert i permet la presentaci\u00f3 de propostes fins al 24 de novembre, finan\u00e7a fins al 50% del cost de les actuacions i permet una inversi\u00f3 potencial de fins a 2,5 milions d&#8217;euros. Nom\u00e9s cal presentar-hi una declaraci\u00f3 responsable, sense necessitat de projecte t\u00e8cnic en aquesta primera fase. En aquesta convocat\u00f2ria es poden fer les obres fins al 31 de desembre de 2028. El president del grup municipal socialista, Fernando Carrera, ha alertat de la situaci\u00f3 \u00abcr\u00edtica\u00bb en qu\u00e8 es troba la piscina de Sistrells: \u00abFa temps que ens arriben queixes dels usuaris i usu\u00e0ries. Les rajoles de l&#8217;interior de la piscina es mouen, hi ha desperfectes greus a l&#8217;interior i l&#8217;estat general de la instal\u00b7laci\u00f3 \u00e9s molt preocupant. La piscina, literalment, cau a trossos.\u00bb Carrera ha insistit que no es pot deixar perdre aquesta oportunitat de finan\u00e7ament: \u00abEl govern del PP no pot mirar cap a una altra banda. Aquest pla de la Generalitat \u00e9s una oportunitat clara per actuar amb urg\u00e8ncia i garantir la seguretat i la qualitat d&#8217;un equipament molt utilitzat per la ciutadania.\u00bb El PSC de Badalona reclama al govern municipal que presenti immediatament la sol\u00b7licitud per incloure la piscina de Sistrells dins del pla de xoc i que no deixi perdre una inversi\u00f3 que pot millorar de manera significativa les instal\u00b7lacions esportives de la ciutat.<\/p>\n\n\n\n<p><strong>PSC BDN<\/strong><\/p>\n","protected":false},"excerpt":{"rendered":"<p>El grup municipal del PSC de Badalona ha demanat aquest dimecres que el govern del PP presenti amb car\u00e0cter urgent la piscina municipal de Sistrells dins del pla de xoc per a la modernitzaci\u00f3 dels equipaments esportius locals que impulsa la Generalitat de Catalunya. Aquest programa, que ja est\u00e0 obert i permet la presentaci\u00f3 de [&hellip;]<\/p>\n","protected":false},"author":2,"featured_media":9701,"comment_status":"closed","ping_status":"open","sticky":false,"template":"","format":"standard","meta":{"footnotes":""},"categories":[26],"tags":[],"class_list":{"0":"post-9700","1":"post","2":"type-post","3":"status-publish","4":"format-standard","5":"has-post-thumbnail","7":"category-esports"},"_links":{"self":[{"href":"https:\/\/areabadalona.com\/diario\/wp-json\/wp\/v2\/posts\/9700","targetHints":{"allow":["GET"]}}],"collection":[{"href":"https:\/\/areabadalona.com\/diario\/wp-json\/wp\/v2\/posts"}],"about":[{"href":"https:\/\/areabadalona.com\/diario\/wp-json\/wp\/v2\/types\/post"}],"author":[{"embeddable":true,"href":"https:\/\/areabadalona.com\/diario\/wp-json\/wp\/v2\/users\/2"}],"replies":[{"embeddable":true,"href":"https:\/\/areabadalona.com\/diario\/wp-json\/wp\/v2\/comments?post=9700"}],"version-history":[{"count":1,"href":"https:\/\/areabadalona.com\/diario\/wp-json\/wp\/v2\/posts\/9700\/revisions"}],"predecessor-version":[{"id":9702,"href":"https:\/\/areabadalona.com\/diario\/wp-json\/wp\/v2\/posts\/9700\/revisions\/9702"}],"wp:featuredmedia":[{"embeddable":true,"href":"https:\/\/areabadalona.com\/diario\/wp-json\/wp\/v2\/media\/9701"}],"wp:attachment":[{"href":"https:\/\/areabadalona.com\/diario\/wp-json\/wp\/v2\/media?parent=9700"}],"wp:term":[{"taxonomy":"category","embeddable":true,"href":"https:\/\/areabadalona.com\/diario\/wp-json\/wp\/v2\/categories?post=9700"},{"taxonomy":"post_tag","embeddable":true,"href":"https:\/\/areabadalona.com\/diario\/wp-json\/wp\/v2\/tags?post=9700"}],"curies":[{"name":"wp","href":"https:\/\/api.w.org\/{rel}","templated":true}]}}