{"id":9698,"date":"2025-11-12T11:53:53","date_gmt":"2025-11-12T11:53:53","guid":{"rendered":"https:\/\/areabadalona.com\/diario\/?p=9698"},"modified":"2025-11-12T11:53:54","modified_gmt":"2025-11-12T11:53:54","slug":"els-mercats-municipals-es-moren","status":"publish","type":"post","link":"https:\/\/areabadalona.com\/diario\/2025\/11\/12\/els-mercats-municipals-es-moren\/","title":{"rendered":"Els mercats municipals es moren"},"content":{"rendered":"\n<p>El comer\u00e7 de proximitat a Badalona es debilita. El cor dels seus mercats municipals, que durant generacions han estat l\u2019art\u00e8ria econ\u00f2mica i social dels barris, batega avui amb dificultat, immers en una greu crisi de superviv\u00e8ncia. Aquesta urg\u00e8ncia es manifesta en el deteriorament de les infraestructures i en la constant p\u00e8rdua de llocs de venda.<\/p>\n\n\n\n<p>El Mercat de Llefi\u00e0 n\u00b4\u00e9s un clar reflex. Inaugurat l\u2019any 1977, el que va ser un centre bullici\u00f3s avui amb prou feines mant\u00e9 deu parades obertes. La situaci\u00f3 \u00e9s tan greu que s\u2019ha hagut d\u2019acomiadar el personal de manteniment per l\u2019escassa recaptaci\u00f3, que no permet cobrir-ne el salari. \u00c9s el drama hum\u00e0 i comercial que es repeteix en cada tancament: la p\u00e8rdua del vincle emocional i l&#8217;amena\u00e7a que aquests espais es converteixin en un record.<\/p>\n\n\n\n<p>La veu d&#8217;alarma entre els comerciants \u00e9s un\u00e0nime: <strong>\u00abEls mercats es moren\u00bb<\/strong>. La responsabilitat recau directament en la gesti\u00f3 municipal. Els sis edificis de titularitat p\u00fablica (Llefi\u00e0, Maignon, Torner, La Salut, Sant Roc i Pomar), pateixen una deixadesa absoluta, amb nombroses queixes pel seu estat.<\/p>\n\n\n\n<p>Mentre l&#8217;agenda medi\u00e0tica se centra en grans projectes urban\u00edstics, com la ciutat de la m\u00fasica (CACI), la realitat prec\u00e0ria d&#8217;aquests centres neur\u00e0lgics queda a l&#8217;ombra. L&#8217;abs\u00e8ncia d&#8217;un Pla de Rehabilitaci\u00f3 ambici\u00f3s i efectiu per part de l\u2019Ajuntament \u00e9s la condemna que amena\u00e7a la seva continu\u00eftat.<\/p>\n\n\n\n<p>La crisi no \u00e9s nom\u00e9s un problema d&#8217;infraestructures, sin\u00f3 tamb\u00e9 de canvi d&#8217;h\u00e0bits. Els mercats estan abocats a la desaparici\u00f3 perqu\u00e8 el p\u00fablic jove, la clientela del futur, no t\u00e9 el costum d&#8217;anar al mercat tradicional.<\/p>\n\n\n\n<p>Els paradistes ho tenen clar: la soluci\u00f3 passa per una aposta decidida per la reconversi\u00f3 i l\u2019acci\u00f3 immediata. Demanen una estrat\u00e8gia integral que garanteixi el seu futur amb propostes com l\u2019adaptaci\u00f3 de plataformes en l\u00ednia, comandes a domicili,&nbsp; o la presentaci\u00f3 de fires, tallers de cuina, i esdeveniments culturals i gastron\u00f2mics que reforcin el seu valor social.<\/p>\n\n\n\n<p>Badalona s&#8217;enfronta a la necessitat urgent d&#8217;invertir i rehabilitar aquests centres neur\u00e0lgics abans que el llegat del comer\u00e7 de proximitat es perdi per sempre. \u00c9s hora que el Pla de Mercats esdevingui una prioritat real, at\u00e8s que la regeneraci\u00f3 dels equipaments existents \u00e9s clau, no nom\u00e9s per a l&#8217;economia, sin\u00f3 per a la vida i el batec cultural dels seus barris.<\/p>\n\n\n\n<p><strong>Mari Carmen Lozano Pareja<\/strong><\/p>\n","protected":false},"excerpt":{"rendered":"<p>El comer\u00e7 de proximitat a Badalona es debilita. El cor dels seus mercats municipals, que durant generacions han estat l\u2019art\u00e8ria econ\u00f2mica i social dels barris, batega avui amb dificultat, immers en una greu crisi de superviv\u00e8ncia. Aquesta urg\u00e8ncia es manifesta en el deteriorament de les infraestructures i en la constant p\u00e8rdua de llocs de venda. [&hellip;]<\/p>\n","protected":false},"author":2,"featured_media":9655,"comment_status":"closed","ping_status":"open","sticky":false,"template":"","format":"standard","meta":{"footnotes":""},"categories":[28],"tags":[],"class_list":{"0":"post-9698","1":"post","2":"type-post","3":"status-publish","4":"format-standard","5":"has-post-thumbnail","7":"category-opinio"},"_links":{"self":[{"href":"https:\/\/areabadalona.com\/diario\/wp-json\/wp\/v2\/posts\/9698","targetHints":{"allow":["GET"]}}],"collection":[{"href":"https:\/\/areabadalona.com\/diario\/wp-json\/wp\/v2\/posts"}],"about":[{"href":"https:\/\/areabadalona.com\/diario\/wp-json\/wp\/v2\/types\/post"}],"author":[{"embeddable":true,"href":"https:\/\/areabadalona.com\/diario\/wp-json\/wp\/v2\/users\/2"}],"replies":[{"embeddable":true,"href":"https:\/\/areabadalona.com\/diario\/wp-json\/wp\/v2\/comments?post=9698"}],"version-history":[{"count":1,"href":"https:\/\/areabadalona.com\/diario\/wp-json\/wp\/v2\/posts\/9698\/revisions"}],"predecessor-version":[{"id":9699,"href":"https:\/\/areabadalona.com\/diario\/wp-json\/wp\/v2\/posts\/9698\/revisions\/9699"}],"wp:featuredmedia":[{"embeddable":true,"href":"https:\/\/areabadalona.com\/diario\/wp-json\/wp\/v2\/media\/9655"}],"wp:attachment":[{"href":"https:\/\/areabadalona.com\/diario\/wp-json\/wp\/v2\/media?parent=9698"}],"wp:term":[{"taxonomy":"category","embeddable":true,"href":"https:\/\/areabadalona.com\/diario\/wp-json\/wp\/v2\/categories?post=9698"},{"taxonomy":"post_tag","embeddable":true,"href":"https:\/\/areabadalona.com\/diario\/wp-json\/wp\/v2\/tags?post=9698"}],"curies":[{"name":"wp","href":"https:\/\/api.w.org\/{rel}","templated":true}]}}