{"id":9672,"date":"2025-11-07T09:55:43","date_gmt":"2025-11-07T09:55:43","guid":{"rendered":"https:\/\/areabadalona.com\/diario\/?p=9672"},"modified":"2025-11-07T09:55:44","modified_gmt":"2025-11-07T09:55:44","slug":"el-bcin-acull-una-nova-edicio-de-la-jornada-badalona-empren-amb-els-joves","status":"publish","type":"post","link":"https:\/\/areabadalona.com\/diario\/2025\/11\/07\/el-bcin-acull-una-nova-edicio-de-la-jornada-badalona-empren-amb-els-joves\/","title":{"rendered":"El BCIN acull una nova edici\u00f3 de la jornada \u201cBadalona empr\u00e8n, amb els joves\u201d"},"content":{"rendered":"\n<p>El pr\u00f2xim dilluns 10 de novembre se celebrar\u00e0 al Badalona Centre Internacional de Negocis \u2013 BCIN la dotzena edici\u00f3 de la jornada \u201cBadalona empr\u00e8n, amb els joves\u201d. Es tracta d\u2019una iniciativa organitzada pel Departament de Joventut, el Servei d&#8217;Impuls Municipal de Promoci\u00f3 de l&#8217;Ocupaci\u00f3 i el Servei d\u2019Educaci\u00f3 de l\u2019Ajuntament de Badalona per fomentar la creativitat dins dels centres educatius i potenciar el talent i motivar dels joves per iniciar i desenvolupar les seves idees emprenedores.<\/p>\n\n\n\n<p>L\u2019edici\u00f3 d\u2019enguany s\u2019organitza sota el t\u00edtol \u00ab<em>Power Skills<\/em>, el secret per emprendre amb \u00e8xit\u00bb, fent refer\u00e8ncia a les habilitats personals i socials que permeten interactuar amb efic\u00e0cia en un entorn professional. Durant la jornada es mostrar\u00e0 als joves participants com aquestes habilitats poden ajudar-los a impulsar els seus projectes i afrontar amb confian\u00e7a els reptes del futur.<\/p>\n\n\n\n<p>La jornada s\u2019iniciar\u00e0 a les 9.30 amb <strong>l\u2019acte d\u2019obertura<\/strong>, que anir\u00e0 a c\u00e0rrec de <strong>l\u2019alcalde Badalona, Xavier Garcia Albiol<\/strong>. Posteriorment, es far\u00e0 una activitat centrada en els <em>power skills <\/em>on es treballar\u00e0 de manera pr\u00e0ctica quins s\u00f3n els primers passos per posar en marxa un projecte emprenedor. Despr\u00e9s, es far\u00e0 una taula d\u2019experi\u00e8ncies on cinc persones donaran a con\u00e8ixer les iniciatives emprenedores que han impulsat i el proc\u00e9s que han seguit per fer-ho. Finalment, la primera tinenta d\u2019alcaldia, Cristina Ag\u00fcera, clour\u00e0 la jornada.<\/p>\n\n\n\n<p><strong>Cicle d\u2019emprenedoria \u201c<em>Soft skills<\/em>: les habilitats, compet\u00e8ncies i aptituds per emprendre<\/strong>\u201d<\/p>\n\n\n\n<p>La jornada \u201cBadalona empr\u00e8n, amb els joves\u201d s\u2019emmarca en un cicle d\u2019emprenedoria impulsat pel Servei Juvenil de Badalona en el qual s\u2019impartiran quatre tallers durant la pr\u00f2xima setmana a les instal\u00b7lacions del Badiu Jove (carrer Ausi\u00e0s Marc, 61).<\/p>\n\n\n\n<p>La programaci\u00f3 del cicle \u00e9s la seg\u00fcent:<\/p>\n\n\n\n<ul class=\"wp-block-list\">\n<li>\u201cCom iniciem el cam\u00ed per a ser emprenedor\/a?\u201d &#8211; Dilluns, 10 de novembre. De 17 a 19 hores. A c\u00e0rrec d\u2019Antonio Rodr\u00edguez, professor, divulgador i fundador d\u2019Efficient Happiness.<\/li>\n<\/ul>\n\n\n\n<ul class=\"wp-block-list\">\n<li>\u201cAterrem la idea: tr\u00e0mits, gestions i recursos per emprendre\u201d &#8211; Dimarts, 11 de novembre. De 12 a 13.30 hores. A c\u00e0rrec de Marcel Pedragosa, T\u00e8cnic de la Unitat de Foment Empresarial del Servei IMPO de l&#8217;Ajuntament de Badalona.<\/li>\n<\/ul>\n\n\n\n<ul class=\"wp-block-list\">\n<li>\u201c<em>Soft skills:<\/em>\u00a0les habilitats compet\u00e8ncies i aptituds en l\u2019emprenedoria\u201d &#8211; Dimecres, 12 de novembre. De 10 a 12 hores. A c\u00e0rrec de Joan Par\u00e9s, professional expert en selecci\u00f3, construcci\u00f3 i desenvolupament del talent i lideratge.<\/li>\n<\/ul>\n\n\n\n<ul class=\"wp-block-list\">\n<li>\u201cEmprenedoria art\u00edstica. Posa en marxa el teu talent\u201d &#8211; Dijous, 13 de novembre. De 18 a 20 hores. A c\u00e0rrec de UOOH Cooperativa, cooperativa art\u00edstica, i La Perif\u00e8rica, cooperativa d\u2019impuls a l\u2019activitat econ\u00f2mica.<\/li>\n<\/ul>\n","protected":false},"excerpt":{"rendered":"<p>El pr\u00f2xim dilluns 10 de novembre se celebrar\u00e0 al Badalona Centre Internacional de Negocis \u2013 BCIN la dotzena edici\u00f3 de la jornada \u201cBadalona empr\u00e8n, amb els joves\u201d. Es tracta d\u2019una iniciativa organitzada pel Departament de Joventut, el Servei d&#8217;Impuls Municipal de Promoci\u00f3 de l&#8217;Ocupaci\u00f3 i el Servei d\u2019Educaci\u00f3 de l\u2019Ajuntament de Badalona per fomentar la [&hellip;]<\/p>\n","protected":false},"author":2,"featured_media":9673,"comment_status":"closed","ping_status":"open","sticky":false,"template":"","format":"standard","meta":{"footnotes":""},"categories":[23],"tags":[],"class_list":{"0":"post-9672","1":"post","2":"type-post","3":"status-publish","4":"format-standard","5":"has-post-thumbnail","7":"category-actualitat"},"_links":{"self":[{"href":"https:\/\/areabadalona.com\/diario\/wp-json\/wp\/v2\/posts\/9672","targetHints":{"allow":["GET"]}}],"collection":[{"href":"https:\/\/areabadalona.com\/diario\/wp-json\/wp\/v2\/posts"}],"about":[{"href":"https:\/\/areabadalona.com\/diario\/wp-json\/wp\/v2\/types\/post"}],"author":[{"embeddable":true,"href":"https:\/\/areabadalona.com\/diario\/wp-json\/wp\/v2\/users\/2"}],"replies":[{"embeddable":true,"href":"https:\/\/areabadalona.com\/diario\/wp-json\/wp\/v2\/comments?post=9672"}],"version-history":[{"count":1,"href":"https:\/\/areabadalona.com\/diario\/wp-json\/wp\/v2\/posts\/9672\/revisions"}],"predecessor-version":[{"id":9674,"href":"https:\/\/areabadalona.com\/diario\/wp-json\/wp\/v2\/posts\/9672\/revisions\/9674"}],"wp:featuredmedia":[{"embeddable":true,"href":"https:\/\/areabadalona.com\/diario\/wp-json\/wp\/v2\/media\/9673"}],"wp:attachment":[{"href":"https:\/\/areabadalona.com\/diario\/wp-json\/wp\/v2\/media?parent=9672"}],"wp:term":[{"taxonomy":"category","embeddable":true,"href":"https:\/\/areabadalona.com\/diario\/wp-json\/wp\/v2\/categories?post=9672"},{"taxonomy":"post_tag","embeddable":true,"href":"https:\/\/areabadalona.com\/diario\/wp-json\/wp\/v2\/tags?post=9672"}],"curies":[{"name":"wp","href":"https:\/\/api.w.org\/{rel}","templated":true}]}}