{"id":9611,"date":"2025-10-27T09:37:30","date_gmt":"2025-10-27T09:37:30","guid":{"rendered":"https:\/\/areabadalona.com\/diario\/?p=9611"},"modified":"2025-10-27T09:37:31","modified_gmt":"2025-10-27T09:37:31","slug":"i-died-in-irpin-triomfa-al-filmets-2025-com-a-millor-pel%c2%b7licula-en-una-edicio-que-torna-a-superar-els-20-000-assistents","status":"publish","type":"post","link":"https:\/\/areabadalona.com\/diario\/2025\/10\/27\/i-died-in-irpin-triomfa-al-filmets-2025-com-a-millor-pel%c2%b7licula-en-una-edicio-que-torna-a-superar-els-20-000-assistents\/","title":{"rendered":"\u00abI died in Irpin\u00bb triomfa al FILMETS 2025 com a Millor Pel\u00b7l\u00edcula, en una edici\u00f3 que torna a superar els 20.000 assistents"},"content":{"rendered":"\n<p>El <strong>FILMETS Badalona Film Festival 2025<\/strong> ha tancat la seva 51a edici\u00f3 amb una gala de La Nit de les Venus plena d&#8217;emoci\u00f3 i reconeixements. El curtmetratge d&#8217;animaci\u00f3 <strong><em>I died in Irpin<\/em><\/strong> (Anastasiia Falileieva, Rep\u00fablica Txeca) s&#8217;ha al\u00e7at amb el premi a <strong>Millor Pel\u00b7l\u00edcula<\/strong> del festival, en una edici\u00f3 que ha tornat a superar els 20.000 assistents de l&#8217;any passat. El Premi del P\u00fablic ha estat per a una \u00f2pera prima, <strong><em>Prou b\u00e9<\/em><\/strong> (Anna Carbonell, Catalunya).<\/p>\n\n\n\n<p>El curt parla sobre la invasi\u00f3 rusa d&#8217;Ucra\u00efna. A l&#8217;inici de la invasi\u00f3 a gran escala de R\u00fassia, Falileieva i el seu xicot abandonen K\u00ediv per visitar els pares d&#8217;ell a Irpin. La ciutat es converteix en un camp de batalla, per\u00f2 el perill no nom\u00e9s \u00e9s fora de casa.<\/p>\n\n\n\n<p><strong>PALMAR\u00c8S FILMETS 2025<\/strong><\/p>\n\n\n\n<p><strong>MILLOR PEL\u00b7L\u00cdCULA: I DIED IN IRPIN<\/strong> (Anastasiia Falileieva, Rep\u00fablica Txeca). Premi dotat amb 4.000 \u20ac<\/p>\n\n\n\n<p><strong>PREMI DEL P\u00daBLIC \u2013 LA VANGUARDIA: PROU B\u00c9<\/strong> (Anna Carbonell, Catalunya). \u00d2pera Prima. Premi dotat amb 1.000 \u20ac<\/p>\n\n\n\n<p><strong>PREMI PAC AL MILLOR PRODUCTOR EMERGENT: THEY SEND WORD <\/strong>(CFerran Ure\u00f1a \/ Vivir Rodando, Catalunya). Premi atorgat pel jurat de Productors Audiovisuals de Catalunya (PAC). Premi dotat amb 2.000 \u20ac.<\/p>\n\n\n\n<p><strong>MILLOR ANIMACI\u00d3: THE ONE WHO KNOWS<\/strong> (Egl\u0117 Davidavi\u010d\u0117, Litu\u00e0nia). Premi dotat amb 400 \u20ac.<\/p>\n\n\n\n<p><strong>MILLOR DOCUMENTAL: XIU JI HUI XIANG \u2013 THE ECHOES OF RUST<\/strong> (Charles Xiuzhi Dong, Xina). Estrena a Espanya. Premi dotat amb 400 \u20ac.<\/p>\n\n\n\n<p><strong>MILLOR PRODUCCI\u00d3 DE BADALONA: WHEN THE LIGHTS GO OUT. (<\/strong>Mireia Flores Jord\u00e0, Catalunya). Premi dotat amb 400 \u20ac.<\/p>\n\n\n\n<p><strong>MILLOR PRODUCCI\u00d3 DE CATALUNYA: MATER BENEFACTA. <\/strong>(Marc Riba, Anna Solanas, Catalunya). Premi dotat amb 400 \u20ac.<\/p>\n\n\n\n<p><strong>MILLOR PRODUCCI\u00d3 D&#8217;ESPANYA: EL CUENTO DE UNA NOCHE DE VERANO <\/strong>(Mar\u00eda Herrera, Espanya). Premi dotat amb 400 \u20ac.<\/p>\n\n\n\n<p><strong>MILLOR PRODUCCI\u00d3 D&#8217;EUROPA: SAUNA DAY<\/strong> (Anna Hints, Tushar Prakash, Est\u00f2nia). Premi dotat amb 400 \u20ac.<\/p>\n\n\n\n<p><strong>MILLOR DIRECCI\u00d3: TOUBAB<\/strong> (Marie-Camille Loutan, Valentine Coral, Su\u00efssa). Estrena a Espanya. Premi dotat amb 400 \u20ac.<\/p>\n\n\n\n<p><strong>MILLOR GUI\u00d3: MERCENAIRE<\/strong> (Pier-Philippe Chevigny, Canad\u00e0). Estrena a Catalunya. Premi dotat amb 400 \u20ac.<\/p>\n\n\n\n<p><strong>PREMI APSA AL MILLOR SO: WHITCH <\/strong>(Hoku Uchiyama, EUA). Premi dotat amb 400 \u20ac.<\/p>\n\n\n\n<p><strong>MILLOR ACTOR: \u00c1lvaro Cervantes, per HUIR<\/strong>. (Kike Ma\u00edllo, Alejandro Pereira, Espanya). Premi lliurat pel jurat d&#8217;Amics del Teatre Zorrilla. Premi dotat amb 400 \u20ac.<\/p>\n\n\n\n<p><strong>MILLOR ACTRIU: J\u00falia Forta\u00f1a, per LA BARRACA (<\/strong>J\u00falia Casta\u00f1o, Catalunya) Premi atorgat pel jurat d&#8217;Amics del Teatre Zorrilla. Premi dotat amb 400 \u20ac.<\/p>\n\n\n\n<p><strong>MILLOR M\u00daSICA ORIGINAL: DAVI. <\/strong>(J\u00falia Gonz\u00e1lez, Catalunya)<strong> <\/strong>Premi atorgat pel jurat d&#8217;Amics de la M\u00fasica i l&#8217;Orfe\u00f3 Badalon\u00ed. Premi dotat amb 400 \u20ac.<\/p>\n\n\n\n<p>El Jurat Oficial d&#8217;aquesta 51 edici\u00f3 del festival ha estat format per <strong>per Isaki Lacuesta, Isa Campo, Roser Aguilar, Gloria Fern\u00e1ndez i Takuro Takeuchi.<\/strong><\/p>\n\n\n\n<p><strong>VENUS D&#8217;HONOR: AINA CLOTET<\/strong><\/p>\n\n\n\n<p>Durant la Nit de les Venus, s&#8217;ha lliurat la tercera de les Venus d&#8217;Honor d&#8217;aquesta edici\u00f3, els guardons que FILMETS atorga a personalitats que han fet una aportaci\u00f3 destacada al m\u00f3n del cinema. En aquest cas ha estat per a l&#8217;actriu, directora, guionista i productora catalana <strong>Aina Clotet<\/strong>. Clotet t\u00e9 en fase de postproducci\u00f3 la seva darrera pel\u00b7l\u00edcula com a directora, \u00abOh, Nora\u00bb, que, precisament, s&#8217;ha filmat, en part, a la ciutat de Badalona. De fet, l&#8217;any 2016, el festival FILMETS va projectar el seu primer curtmetratge com a directora, \u00abTiger\u00bb, seleccionat a festivals d&#8217;arreu del m\u00f3n i nominat als Premis Gaud\u00ed. Com a autora total, acaba d&#8217;estrenar \u00abEsto no es Suecia\u00bb, una s\u00e8rie que ha rebut el prestigi\u00f3s Prix Europa a la millor ficci\u00f3, i de la qual \u00e9s creadora, directora, productora i actriu protagonista. Des dels seus primers treballs davant la c\u00e0mera fins a la seva consolidaci\u00f3 com a creadora, ha combinat talent, honestedat i una mirada curiosa i arriscada.<\/p>\n\n\n\n<p>La cerim\u00f2nia, que ha estat condu\u00efda per \u00d2scar Dalmau i retransmesa per Televisi\u00f3 de Badalona, La Xarxa+ i m\u00e9s d&#8217;una vintena de televisions locals, ha posat punt final a m\u00e9s deu dies d&#8217;activitat. Tot i aix\u00f2, el festival encara ofereix dues sessions destacades: Aquest diumenge, la sessi\u00f3 Palmar\u00e8s, i, dilluns, l&#8217;estrena del documental \u00abDe Badalona a Brooklyn\u00bb, sobre la traject\u00f2ria del catal\u00e0 Jordi Fern\u00e1ndez, el primer entrenador espanyol en arribar a la primera l\u00ednia de l&#8217;NBA.<\/p>\n","protected":false},"excerpt":{"rendered":"<p>El FILMETS Badalona Film Festival 2025 ha tancat la seva 51a edici\u00f3 amb una gala de La Nit de les Venus plena d&#8217;emoci\u00f3 i reconeixements. El curtmetratge d&#8217;animaci\u00f3 I died in Irpin (Anastasiia Falileieva, Rep\u00fablica Txeca) s&#8217;ha al\u00e7at amb el premi a Millor Pel\u00b7l\u00edcula del festival, en una edici\u00f3 que ha tornat a superar els [&hellip;]<\/p>\n","protected":false},"author":2,"featured_media":9612,"comment_status":"closed","ping_status":"open","sticky":false,"template":"","format":"standard","meta":{"footnotes":""},"categories":[25],"tags":[],"class_list":{"0":"post-9611","1":"post","2":"type-post","3":"status-publish","4":"format-standard","5":"has-post-thumbnail","7":"category-cultura"},"_links":{"self":[{"href":"https:\/\/areabadalona.com\/diario\/wp-json\/wp\/v2\/posts\/9611","targetHints":{"allow":["GET"]}}],"collection":[{"href":"https:\/\/areabadalona.com\/diario\/wp-json\/wp\/v2\/posts"}],"about":[{"href":"https:\/\/areabadalona.com\/diario\/wp-json\/wp\/v2\/types\/post"}],"author":[{"embeddable":true,"href":"https:\/\/areabadalona.com\/diario\/wp-json\/wp\/v2\/users\/2"}],"replies":[{"embeddable":true,"href":"https:\/\/areabadalona.com\/diario\/wp-json\/wp\/v2\/comments?post=9611"}],"version-history":[{"count":1,"href":"https:\/\/areabadalona.com\/diario\/wp-json\/wp\/v2\/posts\/9611\/revisions"}],"predecessor-version":[{"id":9613,"href":"https:\/\/areabadalona.com\/diario\/wp-json\/wp\/v2\/posts\/9611\/revisions\/9613"}],"wp:featuredmedia":[{"embeddable":true,"href":"https:\/\/areabadalona.com\/diario\/wp-json\/wp\/v2\/media\/9612"}],"wp:attachment":[{"href":"https:\/\/areabadalona.com\/diario\/wp-json\/wp\/v2\/media?parent=9611"}],"wp:term":[{"taxonomy":"category","embeddable":true,"href":"https:\/\/areabadalona.com\/diario\/wp-json\/wp\/v2\/categories?post=9611"},{"taxonomy":"post_tag","embeddable":true,"href":"https:\/\/areabadalona.com\/diario\/wp-json\/wp\/v2\/tags?post=9611"}],"curies":[{"name":"wp","href":"https:\/\/api.w.org\/{rel}","templated":true}]}}