{"id":9562,"date":"2025-10-17T08:59:09","date_gmt":"2025-10-17T08:59:09","guid":{"rendered":"https:\/\/areabadalona.com\/diario\/?p=9562"},"modified":"2025-10-20T09:01:24","modified_gmt":"2025-10-20T09:01:24","slug":"filmets-badalona-film-festival-inaugura-la-51a-edicio-retent-homenatge-al-productor-edmon-roch","status":"publish","type":"post","link":"https:\/\/areabadalona.com\/diario\/2025\/10\/17\/filmets-badalona-film-festival-inaugura-la-51a-edicio-retent-homenatge-al-productor-edmon-roch\/","title":{"rendered":"FILMETS Badalona Film Festival inaugura la 51a edici\u00f3 retent homenatge al productor Edmon Roch"},"content":{"rendered":"\n<p>El <strong>FILMETS Badalona Film Festival<\/strong>, el certamen de curtmetratges m\u00e9s longeu de l&#8217;estat espanyol, ha donat el tret de sortida a la seva <strong>51a edici\u00f3<\/strong> amb una sessi\u00f3 inaugural que ha posat de manifest tant la <strong>qualitat internacional<\/strong> de les produccions participants com l&#8217;<strong>aposta pel talent aut\u00f2cton<\/strong>.<\/p>\n\n\n\n<p>En aquesta primera sessi\u00f3 s&#8217;han projectat <strong>sis curtmetratges<\/strong>, tres dels quals s\u00f3n produccions espanyoles \u2014dues d&#8217;elles catalanes\u2014, que han evidenciat la vitalitat i la diversitat creativa del festival. Entre els t\u00edtols destacats hi ha l&#8217;<strong>estrena mundial de <\/strong><em>Davi<\/em>, de <strong>J\u00falia Gonz\u00e1lez<\/strong> (Catalunya); l&#8217;<strong>estrena a Catalunya de <\/strong><em>Black Scarf<\/em>, d&#8217;<strong>Ali Reza Shah Hosseini<\/strong> (Iran), guardonada al Festival de Cinema de Drets Humans de Sant Sebasti\u00e0; i l&#8217;\u00f2pera prima <strong>Prou b\u00e9<\/strong>, d&#8217;<strong>Anna Carbonell<\/strong> (Catalunya).<\/p>\n\n\n\n<p>Durant l&#8217;acte d&#8217;obertura, el nou director art\u00edstic del festival, <strong>Marc Orts<\/strong>, ha declarat que la seva voluntat \u00ab\u00e9s fer que el festival respiri honestedat, curiositat i obertura. Que sigui un espai on el cinema ens connecti, on les idees circulin lliurement i on la diversitat sigui una riquesa, no una etiqueta. Vull que cada film projectat, cada trobada, cada debat, sigui una invitaci\u00f3 a mirar el m\u00f3n d&#8217;una altra manera \u2014 i, sobretot, a mirar-nos a nosaltres mateixos\u00bb.<\/p>\n\n\n\n<p><strong>Rosa del Amo<\/strong>, tercera tinenta d&#8217;alcaldia de l&#8217;Ajuntament de Badalona, ha destacat que \u00abFILMETS \u00e9s m\u00e9s que un festival; \u00e9s una celebraci\u00f3 de la creativitat, la diversitat cultural i la llibertat art\u00edstica. \u00c9s l&#8217;exemple viu que el talent local pot dialogar amb les millors produccions internacionals\u00bb.<\/p>\n\n\n\n<p>Per la seva banda, <strong>Xavier Casanovas<\/strong>, director general de Badalona Comunicaci\u00f3, l&#8217;ens p\u00fablic que organitza el festival, ha destacat que enguany es posa \u00abla primera pedra d&#8217;una nova etapa\u00bb amb l&#8217;objectiu \u00abd&#8217;ampliar el p\u00fablic i renovar l&#8217;aposta per fer cr\u00e9ixer el festival com un referent internacional, connectant m\u00e9s amb la ind\u00fastria i el talent local\u00bb.<\/p>\n\n\n\n<p><strong>Edmon Roch, Venus d&#8217;honor 2025<\/strong><\/p>\n\n\n\n<p>La primera de les <strong>Venus d&#8217;Honor <\/strong>d&#8217;aquesta edici\u00f3 del FILMETS Badalona Film Festival, ha estat per al productor <strong>Edmon Roch<\/strong>, qui ha volgut recordar que <strong>el cinema va n\u00e9ixer com un curt i, avui, als curts es continua trobant el veritable cinema.<\/strong> \u00c9s al curtmetratge on es troba el veritable risc i el talent, perqu\u00e8 no t\u00e9 les limitacions del llarg, on hi ha molts elements que obstaculitzen la creativitat\u00bb.<\/p>\n\n\n\n<p><br>Roch \u00e9s llicenciat en Hist\u00f2ria de l&#8217;art. Amb m\u00e9s de 25 anys d&#8217;experi\u00e8ncia en el sector, ha estat productor en projectes de rellev\u00e0ncia internacional com \u00abBarcelona\u00bb (productor associat), \u00abThe last days of disco\u00bb (coproductor) o \u00abEl perfum\u00bb (productor delegat); tamb\u00e9 va exercir com a cap de producci\u00f3 a \u00abSet anys al Tibet\u00bb. El 2009 escriu, dirigeix i produeix \u00abGarbo, l&#8217;espia\u00bb, premi Goya i Gaud\u00ed al Millor Documental, i Giraldillo d&#8217;Or al Millor Documental Europeu. El 2004 funda Ikiru Films, amb la qual ha produ\u00eft la gran saga animada de \u00abTadeu Jones\u00bb, a m\u00e9s de pel\u00b7l\u00edcules com \u00abEl ni\u00f1o\u00bb, \u00abLope\u00bb, \u00abBruc\u00bb, \u00abS\u00e9ptimo\u00bb, \u00abBiutiful\u00bb, \u00abAtrapa la bandera\u00bb, \u00abLa lluna en un cove\u00bb, \u00abPope Joan\u00bb, \u00abPromoci\u00f3 fantasma\u00bb, \u00abEl cuaderno de Sara\u00bb, \u00abYucat\u00e1n\u00bb, \u00abEl viatge de Marta (Staff only)\u00bb, \u00abAd\u00fa\u00bb, o \u00abSanmao: la n\u00favia del desert\u00bb. Als darrers anys, Edmon Roch ha estrenat \u00abLas leyes de la frontera\u00bb, \u00abTadeu Jones 3\u00bb, \u00abLa taula maragda\u00bb, \u00abA man of action\u00bb, \u00abLa casa entre els cactus\u00bb, \u00abLa ni\u00f1a de la comuni\u00f3n\u00bb, \u00abSaben aquell\u00bb, \u00abSegundo premio\u00bb i \u00abPapallones negres\u00bb, i t\u00e9 a punt d&#8217;estrena aquest 2025 \u00abSiempre es invierno\u00bb, \u00abLa cena\u00bb, \u00abOh, Nora!\u00bb i \u00abCinco minutos m\u00e1s\u00bb el proper 2026. Edmon Roch ha estat vicepresident de l&#8217;Acad\u00e8mia de Cinema d&#8217;Espanya, membre de la junta directiva de l&#8217;Acad\u00e8mia de Cinema Catal\u00e0, cap de premsa del Festival Internacional de Cinema Fant\u00e0stic de Sitges, i \u00e9s l&#8217;autor del llibre \u00abPel\u00edculas clave del cine b\u00e9lico\u00bb. Les seves produccions han participat en seccions oficials als festivals de Cannes, Ven\u00e8cia, Berl\u00edn, Sant Sebasti\u00e0, Toronto, IDFA, Annecy, Mar del Plata i IFFI-GOA, entre molts altres, i ha estat reconegut personalment amb sis Premis Goya, vuit Premis Gaud\u00ed, dos Premis Forqu\u00e9, dos Premis Platino, una Bisnaga d&#8217;Or i un Giraldillo d&#8217;Or.<\/p>\n","protected":false},"excerpt":{"rendered":"<p>El FILMETS Badalona Film Festival, el certamen de curtmetratges m\u00e9s longeu de l&#8217;estat espanyol, ha donat el tret de sortida a la seva 51a edici\u00f3 amb una sessi\u00f3 inaugural que ha posat de manifest tant la qualitat internacional de les produccions participants com l&#8217;aposta pel talent aut\u00f2cton. En aquesta primera sessi\u00f3 s&#8217;han projectat sis curtmetratges, [&hellip;]<\/p>\n","protected":false},"author":2,"featured_media":9563,"comment_status":"closed","ping_status":"open","sticky":false,"template":"","format":"standard","meta":{"footnotes":""},"categories":[25],"tags":[],"class_list":{"0":"post-9562","1":"post","2":"type-post","3":"status-publish","4":"format-standard","5":"has-post-thumbnail","7":"category-cultura"},"_links":{"self":[{"href":"https:\/\/areabadalona.com\/diario\/wp-json\/wp\/v2\/posts\/9562","targetHints":{"allow":["GET"]}}],"collection":[{"href":"https:\/\/areabadalona.com\/diario\/wp-json\/wp\/v2\/posts"}],"about":[{"href":"https:\/\/areabadalona.com\/diario\/wp-json\/wp\/v2\/types\/post"}],"author":[{"embeddable":true,"href":"https:\/\/areabadalona.com\/diario\/wp-json\/wp\/v2\/users\/2"}],"replies":[{"embeddable":true,"href":"https:\/\/areabadalona.com\/diario\/wp-json\/wp\/v2\/comments?post=9562"}],"version-history":[{"count":1,"href":"https:\/\/areabadalona.com\/diario\/wp-json\/wp\/v2\/posts\/9562\/revisions"}],"predecessor-version":[{"id":9564,"href":"https:\/\/areabadalona.com\/diario\/wp-json\/wp\/v2\/posts\/9562\/revisions\/9564"}],"wp:featuredmedia":[{"embeddable":true,"href":"https:\/\/areabadalona.com\/diario\/wp-json\/wp\/v2\/media\/9563"}],"wp:attachment":[{"href":"https:\/\/areabadalona.com\/diario\/wp-json\/wp\/v2\/media?parent=9562"}],"wp:term":[{"taxonomy":"category","embeddable":true,"href":"https:\/\/areabadalona.com\/diario\/wp-json\/wp\/v2\/categories?post=9562"},{"taxonomy":"post_tag","embeddable":true,"href":"https:\/\/areabadalona.com\/diario\/wp-json\/wp\/v2\/tags?post=9562"}],"curies":[{"name":"wp","href":"https:\/\/api.w.org\/{rel}","templated":true}]}}