{"id":9545,"date":"2025-10-17T08:53:50","date_gmt":"2025-10-17T08:53:50","guid":{"rendered":"https:\/\/areabadalona.com\/diario\/?p=9545"},"modified":"2025-10-17T08:53:51","modified_gmt":"2025-10-17T08:53:51","slug":"aquest-dissabte-es-celebra-una-nova-edicio-de-la-festa-colors-de-la-convivencia-al-barri-de-la-salut","status":"publish","type":"post","link":"https:\/\/areabadalona.com\/diario\/2025\/10\/17\/aquest-dissabte-es-celebra-una-nova-edicio-de-la-festa-colors-de-la-convivencia-al-barri-de-la-salut\/","title":{"rendered":"Aquest dissabte es celebra una nova edici\u00f3 de la Festa Colors de la Conviv\u00e8ncia al barri de la Salut"},"content":{"rendered":"\n<p>Aquest <strong>dissabte 18 d\u2019octubre, de 10 a 21 hores<\/strong>, l\u2019espai que hi ha entre els carrers de Proven\u00e7a, Floridablanca i l\u2019avinguda del Marqu\u00e8s de Sant Mori, al barri de la Salut de Badalona, acollir\u00e0 una nova edici\u00f3 de la Festa Colors de la Conviv\u00e8ncia, una proposta impulsada des del Departament de Participaci\u00f3 Ciutadana i el Departament de Conviv\u00e8ncia i Mediaci\u00f3 de l\u2019Ajuntament de Badalona, i que t\u00e9 l\u2019objectiu de generar sentiment de pertinen\u00e7a al barri i fomentar la cohesi\u00f3 social mitjan\u00e7ant el coneixement mutu i la interacci\u00f3 entre les persones.<\/p>\n\n\n\n<p>Els Colors de la Conviv\u00e8ncia s\u00f3n una oportunitat per reflectir les oportunitats que hi ha al barri de la Salut i reivindicar el paper de les entitats, la ciutadania i les administracions en la millora social i urbana del barri. La iniciativa tamb\u00e9 busca fomentar el treball en xarxa com a clau d\u2019\u00e8xit en la comunitat i donar a con\u00e8ixer la tasca de les entitats locals a trav\u00e9s d\u2019una agenda d\u2019activitats l\u00fadiques i festives.<\/p>\n\n\n\n<p>Un dels reptes d&#8217;aquesta edici\u00f3 ha estat arribar a entitats i col\u00b7lectius de nouvinguts molt presents al territori de la Salut per tal d&#8217;implicar-los en la vida comunit\u00e0ria, facilitant la interrelaci\u00f3 i el relleu generacional de les entitats.<\/p>\n\n\n\n<p>Entre les propostes m\u00e9s destacades de la Festa Els Colors de la Conviv\u00e8ncia hi ha la <strong>inauguraci\u00f3 a les 10.30 hores<\/strong>&nbsp;de la gran pintura mural que s\u2019ha fet en aquesta zona de la ciutat amb l\u2019impuls de l\u2019Ajuntament de Badalona i la coordinaci\u00f3 de la directora art\u00edstica Maria Orovio. <strong>L\u2019alcalde de Badalona, Xavier Garcia Albiol, participar\u00e0 en l\u2019acte d\u2019inauguraci\u00f3<\/strong>.<\/p>\n\n\n\n<p>Tamb\u00e9 es far\u00e0 una gimcana que organitzen les entitats del barri amb la voluntat de descobrir les iniciatives i projectes que estan transformant la Salut. A les 14 hores, es repartiran diversos premis entre les persones que completin amb \u00e8xit les proves.<\/p>\n\n\n\n<p>Per mostrar la diversitat del barri, hi haur\u00e0 un escenari entitats d&#8217;arreu del m\u00f3n on els assistents podran gaudir de balls orientals, actuacions tradicionals de castellers, balls africans i sevillans, arts marcials de l&#8217;India i de la Xina, concerts i altres propostes culturals.<\/p>\n\n\n\n<p>A m\u00e9s, durant tot el dia, els assistents podran gaudir d\u2019activitats esportives, espectacles tradicionals, un dinar comunitari i actuacions musicals que duraran fins a les 21 hores.<\/p>\n\n\n\n<p>Podeu consultar tota la programaci\u00f3 de la Festa Colors de la Conviv\u00e8ncia d\u2019enguany en <a href=\"https:\/\/www.badalona.cat\/ca\/serveis-ajuntament\/civisme-convivencia-i-mediacio\/agenda\/festa-colors-de-la-convivencia\">aquest enlla\u00e7<\/a>.<\/p>\n","protected":false},"excerpt":{"rendered":"<p>Aquest dissabte 18 d\u2019octubre, de 10 a 21 hores, l\u2019espai que hi ha entre els carrers de Proven\u00e7a, Floridablanca i l\u2019avinguda del Marqu\u00e8s de Sant Mori, al barri de la Salut de Badalona, acollir\u00e0 una nova edici\u00f3 de la Festa Colors de la Conviv\u00e8ncia, una proposta impulsada des del Departament de Participaci\u00f3 Ciutadana i el [&hellip;]<\/p>\n","protected":false},"author":2,"featured_media":9546,"comment_status":"closed","ping_status":"open","sticky":false,"template":"","format":"standard","meta":{"footnotes":""},"categories":[23],"tags":[],"class_list":{"0":"post-9545","1":"post","2":"type-post","3":"status-publish","4":"format-standard","5":"has-post-thumbnail","7":"category-actualitat"},"_links":{"self":[{"href":"https:\/\/areabadalona.com\/diario\/wp-json\/wp\/v2\/posts\/9545","targetHints":{"allow":["GET"]}}],"collection":[{"href":"https:\/\/areabadalona.com\/diario\/wp-json\/wp\/v2\/posts"}],"about":[{"href":"https:\/\/areabadalona.com\/diario\/wp-json\/wp\/v2\/types\/post"}],"author":[{"embeddable":true,"href":"https:\/\/areabadalona.com\/diario\/wp-json\/wp\/v2\/users\/2"}],"replies":[{"embeddable":true,"href":"https:\/\/areabadalona.com\/diario\/wp-json\/wp\/v2\/comments?post=9545"}],"version-history":[{"count":1,"href":"https:\/\/areabadalona.com\/diario\/wp-json\/wp\/v2\/posts\/9545\/revisions"}],"predecessor-version":[{"id":9547,"href":"https:\/\/areabadalona.com\/diario\/wp-json\/wp\/v2\/posts\/9545\/revisions\/9547"}],"wp:featuredmedia":[{"embeddable":true,"href":"https:\/\/areabadalona.com\/diario\/wp-json\/wp\/v2\/media\/9546"}],"wp:attachment":[{"href":"https:\/\/areabadalona.com\/diario\/wp-json\/wp\/v2\/media?parent=9545"}],"wp:term":[{"taxonomy":"category","embeddable":true,"href":"https:\/\/areabadalona.com\/diario\/wp-json\/wp\/v2\/categories?post=9545"},{"taxonomy":"post_tag","embeddable":true,"href":"https:\/\/areabadalona.com\/diario\/wp-json\/wp\/v2\/tags?post=9545"}],"curies":[{"name":"wp","href":"https:\/\/api.w.org\/{rel}","templated":true}]}}