{"id":9536,"date":"2025-10-17T08:40:56","date_gmt":"2025-10-17T08:40:56","guid":{"rendered":"https:\/\/areabadalona.com\/diario\/?p=9536"},"modified":"2025-10-17T08:40:57","modified_gmt":"2025-10-17T08:40:57","slug":"el-proxim-dilluns-20-doctubre-sobre-el-termini-de-presentacio-de-sol%c2%b7licituds-per-als-infants-que-vulguin-participar-en-la-cavalcada-de-reis-anant-a-dalt-de-les-carrosses","status":"publish","type":"post","link":"https:\/\/areabadalona.com\/diario\/2025\/10\/17\/el-proxim-dilluns-20-doctubre-sobre-el-termini-de-presentacio-de-sol%c2%b7licituds-per-als-infants-que-vulguin-participar-en-la-cavalcada-de-reis-anant-a-dalt-de-les-carrosses\/","title":{"rendered":"El pr\u00f2xim dilluns 20 d\u2019octubre s\u2019obre el termini de presentaci\u00f3 de sol\u00b7licituds per als infants que vulguin participar en la Cavalcada de Reis anant a dalt de les carrosses"},"content":{"rendered":"\n<p>El pr\u00f2xim dilluns 20 d\u2019 octubre, a les 8.30 hores, s\u2019obre el termini de presentaci\u00f3 de sol\u00b7licituds per a tots aquells infants que vulguin participar en la Cavalcada de Reis 2026 de Badalona i que aniran a dalt de les carrosses. El dimarts 11 de novembre es far\u00e0 un sorteig p\u00fablic on sortiran escollits els nens i nenes que hi podran participar.<\/p>\n\n\n\n<p>En aquest sorteig poden participar-hi tots els infants de Badalona que el dia 5 de gener de 2026 tinguin entre 9 i 14 anys i d\u2019on en sortiran dos grups:<\/p>\n\n\n\n<ul class=\"wp-block-list\">\n<li>12 infants de 9 i 11 anys, que aniran a dalt de les Carrosses dels Reis<\/li>\n\n\n\n<li>26 infants de 12 a 14 anys, que aniran a dalt de les Carrosses Dolces<\/li>\n<\/ul>\n\n\n\n<p>Per presentar la sol\u00b7licitud cal emplenar el formulari que hi haur\u00e0 disponible a l\u2019apartat de tr\u00e0mits del portal web <a href=\"http:\/\/www.badalona.cat\">www.badalona.cat<\/a>, a partir del dilluns 20 d\u2019octubre, a les 8.30 hores i fins al dilluns 3 de novembre, a les 13.30 hores. Tamb\u00e9 es podr\u00e0 fer la petici\u00f3 de forma presencial al Servei d\u2019Atenci\u00f3 al Ciutad\u00e0, situat a l\u2019edifici municipal El Viver (pla\u00e7a de l\u2019Assemblea de Catalunya, 9-12), de dilluns a divendres, de 8.30 a 13.30 h i dijous, de 16 a 18 h. <strong>Per a m\u00e9s informaci\u00f3: 93 483 26 32.<\/strong><\/p>\n\n\n\n<p>La data de presentaci\u00f3 de la sol\u00b7licitud no influeix en el resultat del sorteig ja que \u00e9s aleatori. El dimarts 4 de novembre es publicar\u00e0 al web de l\u2019Ajuntament dues llistes definitives dels infants que han omplert correctament la sol\u00b7licitud, i se\u2019ls hi assignar\u00e0 un n\u00famero correlatiu segons l\u2019ordre d\u2019entrada de la sol\u00b7licitud. Aquest n\u00famero \u00e9s el que servir\u00e0 el dia del sorteig per escollir els infants guanyadors.<\/p>\n\n\n\n<ul class=\"wp-block-list\">\n<li>Una llista contindr\u00e0 els infants de 9 i 11 anys i que, per tant, opten al sorteig per anar a dalt de les carrosses dels tres Reis.<\/li>\n<\/ul>\n\n\n\n<ul class=\"wp-block-list\">\n<li>L\u2019altra llista contindr\u00e0 els infants de 12 a 14 anys i que, per tant, opten al sorteig per anar a dalt de les Carrosses Dolces.<\/li>\n<\/ul>\n\n\n\n<p><strong>Sorteig p\u00fablic l\u201911 de novembre<\/strong><\/p>\n\n\n\n<p>El dimarts 11 de novembre, a les 17.30 hores, a la sala de premsa de l\u2019edifici municipal El Viver (pla\u00e7a de l\u2019Assemblea de Catalunya, 9-12), es far\u00e0 el sorteig p\u00fablic davant del secretari de l\u2019Ajuntament o persona en qui aquest delegui. S\u2019escollir\u00e0 a m\u00e9s un altre n\u00famero de la llista que servir\u00e0 de tall per poder disposar dels suplents que siguin necessaris. L\u2019entrada a aquest acte ser\u00e0 lliure. La llista del sorteig es publicar\u00e0 ens els dies posteriors al sorteig.<\/p>\n\n\n\n<p>Consulteu les instruccions d\u2019aquest sorteig en <a href=\"https:\/\/www.badalona.cat\/ca\/serveis-ajuntament\/cultura\/festes\/reis\/sorteig-per-escollir-els-infants-que-aniran-a-dalt-de-les-carrosses-de-la-cavalcada-de-reis-2026\">aquest enlla\u00e7<\/a>.<\/p>\n","protected":false},"excerpt":{"rendered":"<p>El pr\u00f2xim dilluns 20 d\u2019 octubre, a les 8.30 hores, s\u2019obre el termini de presentaci\u00f3 de sol\u00b7licituds per a tots aquells infants que vulguin participar en la Cavalcada de Reis 2026 de Badalona i que aniran a dalt de les carrosses. El dimarts 11 de novembre es far\u00e0 un sorteig p\u00fablic on sortiran escollits els [&hellip;]<\/p>\n","protected":false},"author":2,"featured_media":9537,"comment_status":"closed","ping_status":"open","sticky":false,"template":"","format":"standard","meta":{"footnotes":""},"categories":[25],"tags":[],"class_list":{"0":"post-9536","1":"post","2":"type-post","3":"status-publish","4":"format-standard","5":"has-post-thumbnail","7":"category-cultura"},"_links":{"self":[{"href":"https:\/\/areabadalona.com\/diario\/wp-json\/wp\/v2\/posts\/9536","targetHints":{"allow":["GET"]}}],"collection":[{"href":"https:\/\/areabadalona.com\/diario\/wp-json\/wp\/v2\/posts"}],"about":[{"href":"https:\/\/areabadalona.com\/diario\/wp-json\/wp\/v2\/types\/post"}],"author":[{"embeddable":true,"href":"https:\/\/areabadalona.com\/diario\/wp-json\/wp\/v2\/users\/2"}],"replies":[{"embeddable":true,"href":"https:\/\/areabadalona.com\/diario\/wp-json\/wp\/v2\/comments?post=9536"}],"version-history":[{"count":1,"href":"https:\/\/areabadalona.com\/diario\/wp-json\/wp\/v2\/posts\/9536\/revisions"}],"predecessor-version":[{"id":9538,"href":"https:\/\/areabadalona.com\/diario\/wp-json\/wp\/v2\/posts\/9536\/revisions\/9538"}],"wp:featuredmedia":[{"embeddable":true,"href":"https:\/\/areabadalona.com\/diario\/wp-json\/wp\/v2\/media\/9537"}],"wp:attachment":[{"href":"https:\/\/areabadalona.com\/diario\/wp-json\/wp\/v2\/media?parent=9536"}],"wp:term":[{"taxonomy":"category","embeddable":true,"href":"https:\/\/areabadalona.com\/diario\/wp-json\/wp\/v2\/categories?post=9536"},{"taxonomy":"post_tag","embeddable":true,"href":"https:\/\/areabadalona.com\/diario\/wp-json\/wp\/v2\/tags?post=9536"}],"curies":[{"name":"wp","href":"https:\/\/api.w.org\/{rel}","templated":true}]}}