{"id":9533,"date":"2025-10-16T11:20:25","date_gmt":"2025-10-16T11:20:25","guid":{"rendered":"https:\/\/areabadalona.com\/diario\/?p=9533"},"modified":"2025-10-16T11:20:25","modified_gmt":"2025-10-16T11:20:25","slug":"badalona-participa-en-la-8a-accio-platges-met-de-sensibilitzacio-ciutadana-sobre-els-valors-dels-ecosistemes-litorals-metropolitans","status":"publish","type":"post","link":"https:\/\/areabadalona.com\/diario\/2025\/10\/16\/badalona-participa-en-la-8a-accio-platges-met-de-sensibilitzacio-ciutadana-sobre-els-valors-dels-ecosistemes-litorals-metropolitans\/","title":{"rendered":"Badalona participa en la 8a Acci\u00f3 Platges Met de sensibilitzaci\u00f3 ciutadana sobre els valors dels ecosistemes litorals metropolitans"},"content":{"rendered":"\n<p>Badalona participa en la 8a Acci\u00f3 Platges Met que tindr\u00e0 lloc el cap de setmana del 18 i 19 d\u2019octubre a les platges metropolitanes. Amb l\u2019esl\u00f2gan de \u201cTornem a la platja el que ens dona\u201d, l\u2019\u00c0rea Metropolitana de Barcelona (AMB) organitza diverses accions de sensibilitzaci\u00f3 als municipis del litoral metropolit\u00e0 perqu\u00e8 la ciutadania prengui consci\u00e8ncia que les platges s\u00f3n alguna cosa m\u00e9s que un espai d&#8217;esbarjo on poder prendre el sol, que s\u00f3n ecosistemes naturals de gran import\u00e0ncia.<\/p>\n\n\n\n<p><strong>Observaci\u00f3 del pl\u00e0ncton a Badalona<\/strong><\/p>\n\n\n\n<p>Dins d\u2019aquestes jornades de sensibilitzaci\u00f3 ambiental i activitats familiars als municipis del litoral metropolit\u00e0, a l\u2019activitat programada \u00e9s \u201cObservaci\u00f3 del pl\u00e0ncton\u201d i tindr\u00e0 lloc el diumenge 19 d\u2019octubre, d\u201911 a 13 hores. El punt de trobada \u00e9s l\u2019Escola del Mar, Centre d\u2019Estudis Marins de Badalona, passeig de la Rambla, 37. Per participar en aquesta activitat cal fer inscripci\u00f3 pr\u00e8via al correu electr\u00f2nic <a href=\"mailto:activitatsmetropolitanes@bcn.cat\">activitatsmetropolitanes@bcn.cat<\/a> o al tel\u00e8fon: 93 256 22 20, abans de les 13 hores del divendres 17 d\u2019octubre.<\/p>\n\n\n\n<p>El pl\u00e0ncton t\u00e9 un paper clau per regular el clima i mantenir la temperatura del planeta, \u00e9s la base de les xarxes aliment\u00e0ries que proporcionen bona part de la prote\u00efna que consumim i aporta la meitat de l&#8217;oxigen que es genera al planeta. Malgrat la seva gran rellev\u00e0ncia, aquests \u00e9ssers vius errants s\u00f3n uns grans desconeguts.<\/p>\n\n\n\n<p>La 8a Acci\u00f3 Platges Met forma part del projecte europeu BioPlatgesMet de l\u2019\u00c0rea Metropolitana de Barcelona i durant el cap de setmana del 18 i 19 d\u2019octubre es portaran a terme activitats d\u2019observaci\u00f3 de la biodiversitat relacionades amb les platges de Castelldefels, Gav\u00e0, Viladecans, el Prat de Llobregat, Barcelona, Sant Adri\u00e0 de Bes\u00f2s, Badalona i Montgat.<\/p>\n\n\n\n<p>Aquestes accions, on la ciutadania n\u2019\u00e9s la protagonista principal, serveixen per con\u00e8ixer l\u2019estat dels ecosistemes i prendre decisions per a la gesti\u00f3 de la seva millora.<\/p>\n","protected":false},"excerpt":{"rendered":"<p>Badalona participa en la 8a Acci\u00f3 Platges Met que tindr\u00e0 lloc el cap de setmana del 18 i 19 d\u2019octubre a les platges metropolitanes. Amb l\u2019esl\u00f2gan de \u201cTornem a la platja el que ens dona\u201d, l\u2019\u00c0rea Metropolitana de Barcelona (AMB) organitza diverses accions de sensibilitzaci\u00f3 als municipis del litoral metropolit\u00e0 perqu\u00e8 la ciutadania prengui consci\u00e8ncia [&hellip;]<\/p>\n","protected":false},"author":2,"featured_media":9534,"comment_status":"closed","ping_status":"open","sticky":false,"template":"","format":"standard","meta":{"footnotes":""},"categories":[23],"tags":[],"class_list":{"0":"post-9533","1":"post","2":"type-post","3":"status-publish","4":"format-standard","5":"has-post-thumbnail","7":"category-actualitat"},"_links":{"self":[{"href":"https:\/\/areabadalona.com\/diario\/wp-json\/wp\/v2\/posts\/9533","targetHints":{"allow":["GET"]}}],"collection":[{"href":"https:\/\/areabadalona.com\/diario\/wp-json\/wp\/v2\/posts"}],"about":[{"href":"https:\/\/areabadalona.com\/diario\/wp-json\/wp\/v2\/types\/post"}],"author":[{"embeddable":true,"href":"https:\/\/areabadalona.com\/diario\/wp-json\/wp\/v2\/users\/2"}],"replies":[{"embeddable":true,"href":"https:\/\/areabadalona.com\/diario\/wp-json\/wp\/v2\/comments?post=9533"}],"version-history":[{"count":1,"href":"https:\/\/areabadalona.com\/diario\/wp-json\/wp\/v2\/posts\/9533\/revisions"}],"predecessor-version":[{"id":9535,"href":"https:\/\/areabadalona.com\/diario\/wp-json\/wp\/v2\/posts\/9533\/revisions\/9535"}],"wp:featuredmedia":[{"embeddable":true,"href":"https:\/\/areabadalona.com\/diario\/wp-json\/wp\/v2\/media\/9534"}],"wp:attachment":[{"href":"https:\/\/areabadalona.com\/diario\/wp-json\/wp\/v2\/media?parent=9533"}],"wp:term":[{"taxonomy":"category","embeddable":true,"href":"https:\/\/areabadalona.com\/diario\/wp-json\/wp\/v2\/categories?post=9533"},{"taxonomy":"post_tag","embeddable":true,"href":"https:\/\/areabadalona.com\/diario\/wp-json\/wp\/v2\/tags?post=9533"}],"curies":[{"name":"wp","href":"https:\/\/api.w.org\/{rel}","templated":true}]}}