{"id":9464,"date":"2025-10-03T08:53:04","date_gmt":"2025-10-03T08:53:04","guid":{"rendered":"https:\/\/areabadalona.com\/diario\/?p=9464"},"modified":"2025-10-03T08:53:05","modified_gmt":"2025-10-03T08:53:05","slug":"el-psc-denuncia-la-situacio-insostenible-de-la-guardia-urbana-nomes-tres-cotxes-operatius-per-patrullar-la-ciutat","status":"publish","type":"post","link":"https:\/\/areabadalona.com\/diario\/2025\/10\/03\/el-psc-denuncia-la-situacio-insostenible-de-la-guardia-urbana-nomes-tres-cotxes-operatius-per-patrullar-la-ciutat\/","title":{"rendered":"El PSC denuncia la situaci\u00f3 insostenible de la Gu\u00e0rdia Urbana: nom\u00e9s tres cotxes operatius per patrullar la ciutat"},"content":{"rendered":"\n<p>El PSC de Badalona denuncia la greu situaci\u00f3 que viu la Gu\u00e0rdia Urbana a causa de la manca de vehicles disponibles per garantir la seguretat a la ciutat. Segons fonts internes del cos, confirmades pel nostre grup municipal, actualment nom\u00e9s hi ha tres cotxes operatius per torn. Una xifra del tot insuficient per cobrir les necessitats d\u2019una ciutat com Badalona. La resta de vehicles es troben avariats o sense manteniment adequat, fins i tot cotxes de pais\u00e0 i vehicles que es van adquirir recentment. En molts casos, aquests vehicles no funcionen perqu\u00e8 no se n\u2019ha fet la revisi\u00f3 corresponent i ara es troben completament en des\u00fas. Aquesta situaci\u00f3, denunciada p\u00fablicament aquest divendres pel president del Grup Municipal Socialista, Fernando Carrera, posa de manifest la des\u00eddia del govern municipal, que malgrat omplir-se la boca parlant de seguretat, \u00e9s incapa\u00e7 de garantir el m\u00ednim indispensable: que la Gu\u00e0rdia Urbana disposi d\u2019eines b\u00e0siques per treballar.<br><br>\u201c\u00c9s intolerable que la Gu\u00e0rdia Urbana de Badalona nom\u00e9s disposi de tres cotxes per torn per patrullar. Demanem al govern municipal que actu\u00ef amb urg\u00e8ncia i repari tots els vehicles avariats. La seguretat no pot ser nom\u00e9s un esl\u00f2gan, ha de ser una realitat als carrers de la nostra ciutat\u201d, ha afirmat Fernando Carrera.<br><br>El PSC de Badalona exigeix al govern d\u2019Albiol que actu\u00ef immediatament per garantir que els agents de la Gu\u00e0rdia Urbana puguin desenvolupar la seva tasca amb els recursos necessaris i donar resposta a les necessitats de seguretat que reclamen els ve\u00efns i ve\u00efnes de la ciutat.<\/p>\n\n\n\n<p><span style=\"background-color:#0a0000\" class=\"td_text_highlight_marker\">PSC BDN<\/span><\/p>\n","protected":false},"excerpt":{"rendered":"<p>El PSC de Badalona denuncia la greu situaci\u00f3 que viu la Gu\u00e0rdia Urbana a causa de la manca de vehicles disponibles per garantir la seguretat a la ciutat. Segons fonts internes del cos, confirmades pel nostre grup municipal, actualment nom\u00e9s hi ha tres cotxes operatius per torn. Una xifra del tot insuficient per cobrir les [&hellip;]<\/p>\n","protected":false},"author":2,"featured_media":9465,"comment_status":"closed","ping_status":"open","sticky":false,"template":"","format":"standard","meta":{"footnotes":""},"categories":[23],"tags":[],"class_list":{"0":"post-9464","1":"post","2":"type-post","3":"status-publish","4":"format-standard","5":"has-post-thumbnail","7":"category-actualitat"},"_links":{"self":[{"href":"https:\/\/areabadalona.com\/diario\/wp-json\/wp\/v2\/posts\/9464","targetHints":{"allow":["GET"]}}],"collection":[{"href":"https:\/\/areabadalona.com\/diario\/wp-json\/wp\/v2\/posts"}],"about":[{"href":"https:\/\/areabadalona.com\/diario\/wp-json\/wp\/v2\/types\/post"}],"author":[{"embeddable":true,"href":"https:\/\/areabadalona.com\/diario\/wp-json\/wp\/v2\/users\/2"}],"replies":[{"embeddable":true,"href":"https:\/\/areabadalona.com\/diario\/wp-json\/wp\/v2\/comments?post=9464"}],"version-history":[{"count":1,"href":"https:\/\/areabadalona.com\/diario\/wp-json\/wp\/v2\/posts\/9464\/revisions"}],"predecessor-version":[{"id":9466,"href":"https:\/\/areabadalona.com\/diario\/wp-json\/wp\/v2\/posts\/9464\/revisions\/9466"}],"wp:featuredmedia":[{"embeddable":true,"href":"https:\/\/areabadalona.com\/diario\/wp-json\/wp\/v2\/media\/9465"}],"wp:attachment":[{"href":"https:\/\/areabadalona.com\/diario\/wp-json\/wp\/v2\/media?parent=9464"}],"wp:term":[{"taxonomy":"category","embeddable":true,"href":"https:\/\/areabadalona.com\/diario\/wp-json\/wp\/v2\/categories?post=9464"},{"taxonomy":"post_tag","embeddable":true,"href":"https:\/\/areabadalona.com\/diario\/wp-json\/wp\/v2\/tags?post=9464"}],"curies":[{"name":"wp","href":"https:\/\/api.w.org\/{rel}","templated":true}]}}