{"id":9424,"date":"2025-09-23T09:56:17","date_gmt":"2025-09-23T09:56:17","guid":{"rendered":"https:\/\/areabadalona.com\/diario\/?p=9424"},"modified":"2025-09-24T09:57:05","modified_gmt":"2025-09-24T09:57:05","slug":"badalona-multara-i-requisara-els-patinets-que-cometin-infraccions","status":"publish","type":"post","link":"https:\/\/areabadalona.com\/diario\/2025\/09\/23\/badalona-multara-i-requisara-els-patinets-que-cometin-infraccions\/","title":{"rendered":"Badalona multar\u00e0 i requisar\u00e0 els patinets que cometin infraccions"},"content":{"rendered":"\n<p>L\u2019Ajuntament de Badalona ha aprovat definitivament, despr\u00e9s de la finalitzaci\u00f3 del per\u00edode d\u2019al\u00b7legacions, la modificaci\u00f3 de l\u2019ordenan\u00e7a que regula l\u2019\u00fas de vehicles de mobilitat personal (VMP), especialment els patinets. La nova ordenan\u00e7a va aprovar-se en sessi\u00f3 plen\u00e0ria el passat juny i entrar\u00e0 definitivament en vigor en les pr\u00f2ximes setmanes, un cop s\u2019hagi publicat en el Butllet\u00ed Oficial de la Prov\u00edncia de Barcelona (BOPB).&nbsp;<\/p>\n\n\n\n<p>La nova ordenan\u00e7a estableix una normativa clara que garanteix la seguretat dels seus usuaris i tamb\u00e9 de tots els vianants i vehicles amb els quals comparteixen l\u2019espai p\u00fablic. A la vegada, amb aquesta modificaci\u00f3 Badalona tindr\u00e0 una de les ordenances m\u00e9s dures de l&#8217;\u00e0rea metropolitana, amb un r\u00e8gim sancionador amb multes de fins a 600 euros.<\/p>\n\n\n\n<p>L\u2019alcalde de Badalona, Xavier Garcia Albiol, ha indicat que la nova regulaci\u00f3 era imprescindible per garantir la seguretat dels usuaris i vianants i assegurar que l\u2019espai p\u00fablic de la ciutat s\u2019utilitza de manera ordenada i c\u00edvica. \u201cAmb la nova ordenan\u00e7a a Badalona s\u2019ha acabat la impunitat dels que circulen amb patinet i el fan servir per delinquir; en aquesta ciutat qui no compleixi les normes ser\u00e0 sancionat\u201d, ha manifestat l\u2019alcalde.<\/p>\n\n\n\n<p>Les principals mesures que inclou la nova normativa s\u00f3n les seg\u00fcents:<\/p>\n\n\n\n<p><strong><u>Per on poden circular i a quina velocitat?<\/u><\/strong><\/p>\n\n\n\n<p>&#8211; Carrers de plataforma diferenciada, a un m\u00e0xim de 25 km\/h<\/p>\n\n\n\n<p>&#8211; Carrers de plataforma \u00fanica, a un m\u00e0xim de 10 km\/h<\/p>\n\n\n\n<p>&#8211; Carrils bicis situats en vorera, a un m\u00e0xim de 10 km\/h<\/p>\n\n\n\n<p>&#8211; Carrils bicis situats en cal\u00e7ades, a un m\u00e0xim de 25 km\/h<\/p>\n\n\n\n<p>&#8211; Carrils bicis situats en cal\u00e7ades de plataforma \u00fanica, a un m\u00e0xim de 10 km\/h<\/p>\n\n\n\n<p>&#8211; Parcs p\u00fablics, seguint les vies ciclistes, a un m\u00e0xim de 10 km\/h<\/p>\n\n\n\n<p><strong><u>Obligacions<\/u><\/strong><\/p>\n\n\n\n<p>&#8211; Disposar d\u2019una asseguran\u00e7a de responsabilitat civil vinculada al patinet<\/p>\n\n\n\n<p>&#8211; Tenir m\u00e9s de 15 anys<\/p>\n\n\n\n<p>&#8211; Utilitzar un casc de protecci\u00f3 homologat<\/p>\n\n\n\n<p>&#8211; Estacionar en espais permesos a les bicicletes<\/p>\n\n\n\n<p>&#8211; Mantenir una dist\u00e0ncia m\u00ednima d\u20191,5 metres amb les persones en espais compartits amb vianants<\/p>\n\n\n\n<p>&#8211; Identificar el patinet amb homologaci\u00f3 i n\u00famero de s\u00e8rie<\/p>\n\n\n\n<p>&#8211; Disposar de certificat de circulaci\u00f3<\/p>\n\n\n\n<p>&#8211; Identificar visualment el patinet si t\u00e9 \u00fas comercial<\/p>\n\n\n\n<p><strong><u>Prohibicions<\/u><\/strong><\/p>\n\n\n\n<p>&#8211; Prohibit circular per voreres, zones verdes i carrers d\u2019\u00fas exclusiu per a vianants<\/p>\n\n\n\n<p>&#8211; Prohibit circular m\u00e9s d\u2019una persona<\/p>\n\n\n\n<p>&#8211; Prohibit circular amb auriculars<\/p>\n\n\n\n<p>&#8211; Prohibit circular fent \u00fas de dispositius m\u00f2bils<\/p>\n\n\n\n<p>&#8211; Prohibit circular amb taxes d\u2019alcohol\u00e8mia superiors a les establertes o havent consumit drogues<\/p>\n\n\n\n<p>&#8211; Prohibit circular per passos de vianants. Cal baixar del vehicle i creuar caminant<\/p>\n\n\n\n<p><strong>Quan es requisar\u00e0 el patinet?<\/strong><\/p>\n\n\n\n<p>&#8211; Si no disposa de la p\u00f2lissa d\u2019asseguran\u00e7a de responsabilitat civil vinculada al patinet<\/p>\n\n\n\n<p>&#8211; Si el vehicle t\u00e9 alterades o manipulades les condicions de la seva homologaci\u00f3<\/p>\n\n\n\n<p><strong><u>Import de les sancions<\/u><\/strong><\/p>\n\n\n\n<p>Lleus, per import de fins a 150 euros<\/p>\n\n\n\n<p>Greus, per import de fins a 300 euros<\/p>\n\n\n\n<p>Molt greus, per import de fins a 600 euros<\/p>\n\n\n\n<p><strong><u>Tipus d\u2019infraccions<\/u><\/strong><\/p>\n\n\n\n<p>Lleus:&nbsp;Qualsevol incompliment de les disposicions de l\u2019Ordenan\u00e7a que no sigui qualificada com a greu o molt greu<\/p>\n\n\n\n<p>Greus:<\/p>\n\n\n\n<p>&#8211; Incomplir les disposicions establertes en relaci\u00f3 amb els l\u00edmits de velocitat, quan no estigui definida com a molt greu<\/p>\n\n\n\n<p>&#8211; Circular sense tenir l\u2019edat permesa per a poder fer-ho<\/p>\n\n\n\n<p>&#8211; Incomplir l\u2019obligaci\u00f3 d\u2019identificar o registrar el VMP quan la normativa ho estableixi<\/p>\n\n\n\n<p>&#8211; Circular amb vehicles que no compleixin els requisits legals, quan aquest incompliment no estigui definida com a lleu o molt greu<\/p>\n\n\n\n<p>Molt greus:<\/p>\n\n\n\n<p>&#8211; Excedir en m\u00e9s d\u2019un 50% la velocitat m\u00e0xima autoritzada<\/p>\n\n\n\n<p>&#8211; Circular de forma temer\u00e0ria<\/p>\n\n\n\n<p>&#8211; Circular posant en perill la seguretat dels vianants<\/p>\n\n\n\n<p>&#8211; Circular per vies o zones prohibides<\/p>\n\n\n\n<p>&#8211; Circular amb taxes d\u2019alcohol superiors a les permeses o amb la pres\u00e8ncia de drogues<\/p>\n\n\n\n<p>&#8211; No disposar de l\u2019asseguran\u00e7a de responsabilitat civil, quan sigui obligatori<\/p>\n\n\n\n<p>&#8211; Circular amb vehicles manipulats de manera que incompleixin les condicions d\u2019homologaci\u00f3.<\/p>\n","protected":false},"excerpt":{"rendered":"<p>L\u2019Ajuntament de Badalona ha aprovat definitivament, despr\u00e9s de la finalitzaci\u00f3 del per\u00edode d\u2019al\u00b7legacions, la modificaci\u00f3 de l\u2019ordenan\u00e7a que regula l\u2019\u00fas de vehicles de mobilitat personal (VMP), especialment els patinets. La nova ordenan\u00e7a va aprovar-se en sessi\u00f3 plen\u00e0ria el passat juny i entrar\u00e0 definitivament en vigor en les pr\u00f2ximes setmanes, un cop s\u2019hagi publicat en el [&hellip;]<\/p>\n","protected":false},"author":2,"featured_media":9425,"comment_status":"closed","ping_status":"open","sticky":false,"template":"","format":"standard","meta":{"footnotes":""},"categories":[23],"tags":[],"class_list":{"0":"post-9424","1":"post","2":"type-post","3":"status-publish","4":"format-standard","5":"has-post-thumbnail","7":"category-actualitat"},"_links":{"self":[{"href":"https:\/\/areabadalona.com\/diario\/wp-json\/wp\/v2\/posts\/9424","targetHints":{"allow":["GET"]}}],"collection":[{"href":"https:\/\/areabadalona.com\/diario\/wp-json\/wp\/v2\/posts"}],"about":[{"href":"https:\/\/areabadalona.com\/diario\/wp-json\/wp\/v2\/types\/post"}],"author":[{"embeddable":true,"href":"https:\/\/areabadalona.com\/diario\/wp-json\/wp\/v2\/users\/2"}],"replies":[{"embeddable":true,"href":"https:\/\/areabadalona.com\/diario\/wp-json\/wp\/v2\/comments?post=9424"}],"version-history":[{"count":1,"href":"https:\/\/areabadalona.com\/diario\/wp-json\/wp\/v2\/posts\/9424\/revisions"}],"predecessor-version":[{"id":9426,"href":"https:\/\/areabadalona.com\/diario\/wp-json\/wp\/v2\/posts\/9424\/revisions\/9426"}],"wp:featuredmedia":[{"embeddable":true,"href":"https:\/\/areabadalona.com\/diario\/wp-json\/wp\/v2\/media\/9425"}],"wp:attachment":[{"href":"https:\/\/areabadalona.com\/diario\/wp-json\/wp\/v2\/media?parent=9424"}],"wp:term":[{"taxonomy":"category","embeddable":true,"href":"https:\/\/areabadalona.com\/diario\/wp-json\/wp\/v2\/categories?post=9424"},{"taxonomy":"post_tag","embeddable":true,"href":"https:\/\/areabadalona.com\/diario\/wp-json\/wp\/v2\/tags?post=9424"}],"curies":[{"name":"wp","href":"https:\/\/api.w.org\/{rel}","templated":true}]}}