{"id":9415,"date":"2025-09-22T09:21:19","date_gmt":"2025-09-22T09:21:19","guid":{"rendered":"https:\/\/areabadalona.com\/diario\/?p=9415"},"modified":"2025-09-22T09:21:20","modified_gmt":"2025-09-22T09:21:20","slug":"el-cooperativisme-porta-la-festa-a-badalona-i-santa-coloma-dissabte-27-de-setembre","status":"publish","type":"post","link":"https:\/\/areabadalona.com\/diario\/2025\/09\/22\/el-cooperativisme-porta-la-festa-a-badalona-i-santa-coloma-dissabte-27-de-setembre\/","title":{"rendered":"El cooperativisme porta la festa a Badalona i Santa Coloma dissabte 27 de setembre"},"content":{"rendered":"\n<p>Impulsades des de l\u2019Ateneu cooperatiu del Barcelon\u00e8s nord i el seu cercle de cultura la Perif\u00e8rica, les festes del cooperativisme treuen al carrer l\u2019activitat cooperativista per donar-la a con\u00e8ixer. La festa s\u2019ha organitzat conjuntament amb els ecosistemes cooperatius de cada ciutat per mostrar el que les cooperatives saben fer i acostar aquest model socioecon\u00f2mic a la poblaci\u00f3.<\/p>\n\n\n\n<p>Les cooperatives s\u00f3n empreses democr\u00e0tiques on les persones s\u2019agrupen per resoldre les seves necessitats des de l\u2019activitat que vulguin posar en com\u00fa, poden ser de treball i tamb\u00e9 de consum o d\u2019habitatge.<\/p>\n\n\n\n<h3 class=\"wp-block-heading\"><br><strong>Ho arreglarem a coops<\/strong><\/h3>\n\n\n\n<p>Les festes comparteixen el mateix lema \u00abho arreglarem a coops\u00bb, que no vol dir a bufetades. Al contrari, davant els reptes ecol\u00f2gics i socials actuals s\u2019aposta per resoldre-ho des de la cooperaci\u00f3, creant cooperatives i enfortint les que ja existeixen. L\u2019Ateneu cooperatiu \u00e9s un dispositiu impulsat pel Departament de Treball de la Generalitat i gestionat per cooperatives del territori que fa formaci\u00f3, acompanyaments i divulgaci\u00f3 per ajudar a aquesta creaci\u00f3 i consolidaci\u00f3.<\/p>\n\n\n\n<h3 class=\"wp-block-heading\"><strong>Badacoop<\/strong><\/h3>\n\n\n\n<p>Al mat\u00ed, de 10 a 14h, la festa ser\u00e0 a la pista de b\u00e0squet de la Pla\u00e7a Pompeu Fabra de Badalona. Al llarg del mat\u00ed, en aquesta primera edici\u00f3 de la festa del cooperativisme a Badalona, hi haur\u00e0 tallers (intercanvi de roba, fotowood, eines digitals, hort i malbaratament alimentari, serigrafia, activitats infantils, jocs sobre habitatge cooperatiu) i el joc \u00abtroba el que busques\u00bb. Tamb\u00e9 hi haur\u00e0 l\u2019actuaci\u00f3 de la cooperativa i grup d\u2019animaci\u00f3 \u00abLa Tresca i la verdesca\u00bb i altres actuacions musicals a c\u00e0rrec de la xarxa Musaik.<\/p>\n\n\n\n<h3 class=\"wp-block-heading\"><strong>FestCoop Gramenet<\/strong><\/h3>\n\n\n\n<p>A la tarda de 18 a 24h la festa ser\u00e0 als Jardins de Can Sister\u00e9 a Santa Coloma de Gramenet. La tarda de la que ja \u00e9s la tercera edici\u00f3 de la festa del cooperativisme a Santa Coloma comen\u00e7ar\u00e0 amb tallers (vision board en angl\u00e8s, kahoot de materials, reciclatge t\u00e8xtil, joc lliure amb materials) i fira (verdures ecol\u00f2giques, arbre del cooperativisme). Tamb\u00e9 hi haur\u00e0 l\u2019activitat de cant integratiu amb la cooperativa \u00c0gora i, no podien faltar, l\u2019animaci\u00f3 dels Tikis de l\u2019Avalot. Al vespre comen\u00e7aran els concerts, a c\u00e0rrec de la xarxa Musaik, mentre es podr\u00e0 menjar i veure a la barra a c\u00e0rrec de Bohemia Prod i L\u2019Obrador de Gramenet.<\/p>\n\n\n\n<h3 class=\"wp-block-heading\"><strong>Podcast esCOOPinyes<\/strong><\/h3>\n\n\n\n<p>Durant la jornada, tant al mat\u00ed a Badalona com a la tarda a Santa Coloma, es far\u00e0 un directe dels podcast esCOOPinyes de la Perif\u00e8rica de l\u2019Ateneu cooperatiu donant a con\u00e8ixer les festes, les cooperatives que hi participen i el teixit cooperatiu de les ciutats. Ja s\u2019han publicat tres episodis d\u2019aquest podcast, presentat per Ricard Viladegut de la cooperativa DIP, on s\u2019exploren les experi\u00e8ncies cooperativistes. esCOOPpinyes estar\u00e0 al Badacoop i al Festcoop Gramenet per captar l\u2019ambient i seguir oferint-nos visions de la diversitat cooperativista.<\/p>\n\n\n\n<h3 class=\"wp-block-heading\"><strong>Coordinaci\u00f3 musical de Musaik i llengua de signes amb Inclusivxs<\/strong><\/h3>\n\n\n\n<p>Musaik, la xarxa d&#8217;agents musicals del Barcelon\u00e8s Nord, col\u00b7labora per primera vegada a les festes cooperatives de Badalona i Santa Coloma per oferir programaci\u00f3 local i donar oportunitats al talent emergent del territori. Musaik va n\u00e9ixer fa gaireb\u00e9 tres anys amb el suport de la Perif\u00e8rica, el cercle de cultura de l&#8217;Ateneu cooperatiu. Aquesta col\u00b7laboraci\u00f3 posa de manifest el comprom\u00eds compartit per impulsar la m\u00fasica com a eina de transformaci\u00f3 social i projectar l&#8217;escena local del territori. D\u2019altra banda, en una aposta per la inclusi\u00f3, l\u2019espectacle de \u00abLa Tresca i la verdesca\u00bb ser\u00e0 interpretat per l\u2019entitat \u00abInclusivxs\u00bb en llengua de signes catalana.<\/p>\n","protected":false},"excerpt":{"rendered":"<p>Impulsades des de l\u2019Ateneu cooperatiu del Barcelon\u00e8s nord i el seu cercle de cultura la Perif\u00e8rica, les festes del cooperativisme treuen al carrer l\u2019activitat cooperativista per donar-la a con\u00e8ixer. La festa s\u2019ha organitzat conjuntament amb els ecosistemes cooperatius de cada ciutat per mostrar el que les cooperatives saben fer i acostar aquest model socioecon\u00f2mic a [&hellip;]<\/p>\n","protected":false},"author":2,"featured_media":9416,"comment_status":"closed","ping_status":"open","sticky":false,"template":"","format":"standard","meta":{"footnotes":""},"categories":[23,31],"tags":[],"class_list":{"0":"post-9415","1":"post","2":"type-post","3":"status-publish","4":"format-standard","5":"has-post-thumbnail","7":"category-actualitat","8":"category-comarca"},"_links":{"self":[{"href":"https:\/\/areabadalona.com\/diario\/wp-json\/wp\/v2\/posts\/9415","targetHints":{"allow":["GET"]}}],"collection":[{"href":"https:\/\/areabadalona.com\/diario\/wp-json\/wp\/v2\/posts"}],"about":[{"href":"https:\/\/areabadalona.com\/diario\/wp-json\/wp\/v2\/types\/post"}],"author":[{"embeddable":true,"href":"https:\/\/areabadalona.com\/diario\/wp-json\/wp\/v2\/users\/2"}],"replies":[{"embeddable":true,"href":"https:\/\/areabadalona.com\/diario\/wp-json\/wp\/v2\/comments?post=9415"}],"version-history":[{"count":1,"href":"https:\/\/areabadalona.com\/diario\/wp-json\/wp\/v2\/posts\/9415\/revisions"}],"predecessor-version":[{"id":9417,"href":"https:\/\/areabadalona.com\/diario\/wp-json\/wp\/v2\/posts\/9415\/revisions\/9417"}],"wp:featuredmedia":[{"embeddable":true,"href":"https:\/\/areabadalona.com\/diario\/wp-json\/wp\/v2\/media\/9416"}],"wp:attachment":[{"href":"https:\/\/areabadalona.com\/diario\/wp-json\/wp\/v2\/media?parent=9415"}],"wp:term":[{"taxonomy":"category","embeddable":true,"href":"https:\/\/areabadalona.com\/diario\/wp-json\/wp\/v2\/categories?post=9415"},{"taxonomy":"post_tag","embeddable":true,"href":"https:\/\/areabadalona.com\/diario\/wp-json\/wp\/v2\/tags?post=9415"}],"curies":[{"name":"wp","href":"https:\/\/api.w.org\/{rel}","templated":true}]}}