{"id":9067,"date":"2025-07-02T09:29:34","date_gmt":"2025-07-02T09:29:34","guid":{"rendered":"https:\/\/areabadalona.com\/diario\/?p=9067"},"modified":"2025-07-04T09:30:55","modified_gmt":"2025-07-04T09:30:55","slug":"badalona-en-comu-podem-presenten-de-la-ma-de-les-entitats-veinals-una-mocio-al-ple-municipal-per-aturar-els-habitatges-dus-turistic-a-badalona","status":"publish","type":"post","link":"https:\/\/areabadalona.com\/diario\/2025\/07\/02\/badalona-en-comu-podem-presenten-de-la-ma-de-les-entitats-veinals-una-mocio-al-ple-municipal-per-aturar-els-habitatges-dus-turistic-a-badalona\/","title":{"rendered":"Badalona En Com\u00fa Podem presenten de la m\u00e0 de les entitats ve\u00efnals una moci\u00f3 al Ple municipal per aturar els habitatges d\u2019\u00fas tur\u00edstic a Badalona"},"content":{"rendered":"\n<p>Davant l\u2019expansi\u00f3 incontrolada dels habitatges d\u2019\u00fas tur\u00edstic (HUTs) a la ciutat i l\u2019amena\u00e7a creixent que suposen per al dret a l\u2019habitatge, la cohesi\u00f3 social i el model de ciutat habitable, Badalona en Com\u00fa Podem ha registrat una moci\u00f3 conjunta al Ple municipal, elaborada en coordinaci\u00f3 amb diverses entitats ve\u00efnals i socials de la ciutat.<\/p>\n\n\n\n<p>La moci\u00f3 \u00e9s fruit del treball conjunt amb la Plataforma \u201cNo als Habitatges d\u2019\u00das Tur\u00edstic a Badalona\u201d, formada per les associacions ve\u00efnals del Centre, Can Solei, Progr\u00e9s, Dalt la Vila, Bufal\u00e0, Gorg-Mar i Sant Antoni de Llefi\u00e0, el Sindicat de Llogateres de Badalona i la FAVB, entre altres col\u00b7lectius, que han al\u00e7at la veu davant la greu situaci\u00f3 de massificaci\u00f3 tur\u00edstica i especulaci\u00f3 immobili\u00e0ria que viu Badalona.<\/p>\n\n\n\n<p>Segons la presidenta del grup A\u00efda Llaurad\u00f3, \u201c<em><strong>Els pisos tur\u00edstics fan que es redueixin l&#8217;oferta residencial, aix\u00f2 fa que s&#8217;encareixen els lloguers i en conseq\u00fc\u00e8ncia fomenta l&#8217;expulsi\u00f3 de ve\u00efns i ve\u00efnes dels seus barris, perjudica el descans i la conviv\u00e8ncia, cal defensar l&#8217;habitatge digne i aturar aquesta ordenan\u00e7a<\/strong>.\u201d<\/em><\/p>\n\n\n\n<p>A m\u00e9s, el Grup Municipal denuncia que el govern del PP aprova una ordenan\u00e7a per regular els pisos tur\u00edstics totalment insuficient que incentiva l&#8217;especulaci\u00f3 dels grans tenidors, i adverteixen del perill que la ciutat es converteixi en un refugi per als HUTs expulsats de Barcelona, agreujant encara m\u00e9s la pressi\u00f3 sobre el parc d\u2019habitatge local.<\/p>\n\n\n\n<p>Per aquest motiu van presentar al.legacions a l\u2019ordenan\u00e7a que encara el govern municipal no ha respost.<\/p>\n\n\n\n<p>Entre les principals propostes de la moci\u00f3 destaquen:<\/p>\n\n\n\n<p>Suspensi\u00f3 immediata de noves llic\u00e8ncies de HUTs.<\/p>\n\n\n\n<p>Prohibici\u00f3 total dels habitatges d\u2019\u00fas tur\u00edstic a partir d\u2019octubre de 2028, d\u2019acord amb el Decret Llei 3\/2023.<\/p>\n\n\n\n<p>Creaci\u00f3 d\u2019un registre municipal de HUTs, inspeccions actives i mesures sancionadores.<\/p>\n\n\n\n<p>Increment de la taxa tur\u00edstica i destinaci\u00f3 d\u2019aquests ingressos a pol\u00edtiques d\u2019habitatge.<\/p>\n\n\n\n<p>Mecanismes de den\u00fancia ciutadana i accions per mobilitzar habitatges buits cap al lloguer habitual.<\/p>\n\n\n\n<p>Aquesta moci\u00f3 ser\u00e0 debatuda en el Ple municipal del pr\u00f2xim 7 de juliol, on la plataforma i les entitats convoquen una concentraci\u00f3 a la pla\u00e7a de la Vila a les 17:30 h i prendran la paraula al ple, per visibilitzar el rebuig ciutad\u00e0 a aquest model de ciutat basat en l\u2019especulaci\u00f3, la precaritzaci\u00f3 i l\u2019expulsi\u00f3 del ve\u00efnat.<\/p>\n","protected":false},"excerpt":{"rendered":"<p>Davant l\u2019expansi\u00f3 incontrolada dels habitatges d\u2019\u00fas tur\u00edstic (HUTs) a la ciutat i l\u2019amena\u00e7a creixent que suposen per al dret a l\u2019habitatge, la cohesi\u00f3 social i el model de ciutat habitable, Badalona en Com\u00fa Podem ha registrat una moci\u00f3 conjunta al Ple municipal, elaborada en coordinaci\u00f3 amb diverses entitats ve\u00efnals i socials de la ciutat. La [&hellip;]<\/p>\n","protected":false},"author":1,"featured_media":9068,"comment_status":"closed","ping_status":"open","sticky":false,"template":"","format":"standard","meta":{"footnotes":""},"categories":[23],"tags":[],"class_list":{"0":"post-9067","1":"post","2":"type-post","3":"status-publish","4":"format-standard","5":"has-post-thumbnail","7":"category-actualitat"},"_links":{"self":[{"href":"https:\/\/areabadalona.com\/diario\/wp-json\/wp\/v2\/posts\/9067","targetHints":{"allow":["GET"]}}],"collection":[{"href":"https:\/\/areabadalona.com\/diario\/wp-json\/wp\/v2\/posts"}],"about":[{"href":"https:\/\/areabadalona.com\/diario\/wp-json\/wp\/v2\/types\/post"}],"author":[{"embeddable":true,"href":"https:\/\/areabadalona.com\/diario\/wp-json\/wp\/v2\/users\/1"}],"replies":[{"embeddable":true,"href":"https:\/\/areabadalona.com\/diario\/wp-json\/wp\/v2\/comments?post=9067"}],"version-history":[{"count":1,"href":"https:\/\/areabadalona.com\/diario\/wp-json\/wp\/v2\/posts\/9067\/revisions"}],"predecessor-version":[{"id":9069,"href":"https:\/\/areabadalona.com\/diario\/wp-json\/wp\/v2\/posts\/9067\/revisions\/9069"}],"wp:featuredmedia":[{"embeddable":true,"href":"https:\/\/areabadalona.com\/diario\/wp-json\/wp\/v2\/media\/9068"}],"wp:attachment":[{"href":"https:\/\/areabadalona.com\/diario\/wp-json\/wp\/v2\/media?parent=9067"}],"wp:term":[{"taxonomy":"category","embeddable":true,"href":"https:\/\/areabadalona.com\/diario\/wp-json\/wp\/v2\/categories?post=9067"},{"taxonomy":"post_tag","embeddable":true,"href":"https:\/\/areabadalona.com\/diario\/wp-json\/wp\/v2\/tags?post=9067"}],"curies":[{"name":"wp","href":"https:\/\/api.w.org\/{rel}","templated":true}]}}