{"id":9054,"date":"2025-07-01T11:43:26","date_gmt":"2025-07-01T11:43:26","guid":{"rendered":"https:\/\/areabadalona.com\/diario\/?p=9054"},"modified":"2025-07-01T11:43:27","modified_gmt":"2025-07-01T11:43:27","slug":"lajuntament-de-badalona-i-la-generalitat-avancen-plegats-en-la-construccio-de-la-nova-seu-judicial-a-la-ciutat","status":"publish","type":"post","link":"https:\/\/areabadalona.com\/diario\/2025\/07\/01\/lajuntament-de-badalona-i-la-generalitat-avancen-plegats-en-la-construccio-de-la-nova-seu-judicial-a-la-ciutat\/","title":{"rendered":"L\u2019Ajuntament de Badalona i la Generalitat avancen plegats en la construcci\u00f3 de la nova seu judicial a la ciutat"},"content":{"rendered":"\n<p>L\u2019alcalde de Badalona, Xavier Garcia Albiol, s\u2019ha reunit avui amb el conseller de Just\u00edcia i Qualitat Democr\u00e0tica, Ramon Espadaler, per avan\u00e7ar conjuntament en la renovaci\u00f3 de la infraestructura judicial a la ciutat. Durant la trobada, que s\u2019ha celebrat al Centre Cultural El Carme, Garcia Albiol ha ofert un solar idoni per a la concentraci\u00f3 dels jutjats en l\u2019entorn de Can Llamas, que compta amb una superf\u00edcie d\u2019uns 17.600 m\u00b2.<\/p>\n\n\n\n<p>Xavier Garcia Albiol ha explicat que el Govern municipal, juntament amb la Generalitat, t\u00e9 la voluntat decidida de fer una aposta definitiva per disposar d\u2019un equipament judicial que doni resposta a les necessitats dels professionals de la Just\u00edcia i de la ciutadania. \u201cAvui fem un pas molt important per donar resposta a un greuge hist\u00f2ric de la Generalitat amb la nostra ciutat: la construcci\u00f3 del nou f\u00f2rum de la Just\u00edcia de Badalona, que s\u2019ubicar\u00e0 al solar de Can Llamas\u201d, ha remarcat l\u2019alcalde. Garcia Albiol ha agra\u00eft el comprom\u00eds del govern de la Generalitat per a fer-ho possible i ha garantit la m\u00e0xima col\u00b7laboraci\u00f3 institucional en favor dels ve\u00efns de Badalona.<\/p>\n\n\n\n<p>El conseller de Just\u00edcia i Qualitat Democr\u00e0tica, Ramon Espadaler ha assegurat que a Badalona \u201chi ha una situaci\u00f3 de greuge hist\u00f2ric als equipaments judicials a causa de la dispersi\u00f3 de les seus judicials\u201d. En aquest sentit, Espadaler ha expressat la voluntat pol\u00edtica de \u201cposar el fil a l\u2019agulla en aquest deute hist\u00f2ric\u201d. \u201cHo fem en un moment en el qual entra en vigor la Llei Org\u00e0nica 1\/2025. Ho farem amb la mirada posada en els nous Tribunals d\u2019Inst\u00e0ncia i les oficines judicials, que tenen un impacte en el disseny de les estructures\u201d, ha afegit.<\/p>\n\n\n\n<p>A m\u00e9s, el conseller ha manifestat que en un \u201ctemps breu\u201d s\u2019espera tenir un acord ferm, per\u00f2 que, de moment, \u201cles coses estan molt ben dimensionades\u201d, i ha afegit que volen crear unes instal\u00b7lacions en un sol espai, un cam\u00ed que faran \u201camb els jutges i jutgesses i atenent la nova legislaci\u00f3 i els requeriments i suggeriments\u201d.<\/p>\n","protected":false},"excerpt":{"rendered":"<p>L\u2019alcalde de Badalona, Xavier Garcia Albiol, s\u2019ha reunit avui amb el conseller de Just\u00edcia i Qualitat Democr\u00e0tica, Ramon Espadaler, per avan\u00e7ar conjuntament en la renovaci\u00f3 de la infraestructura judicial a la ciutat. Durant la trobada, que s\u2019ha celebrat al Centre Cultural El Carme, Garcia Albiol ha ofert un solar idoni per a la concentraci\u00f3 dels [&hellip;]<\/p>\n","protected":false},"author":2,"featured_media":9055,"comment_status":"closed","ping_status":"open","sticky":false,"template":"","format":"standard","meta":{"footnotes":""},"categories":[23],"tags":[],"class_list":{"0":"post-9054","1":"post","2":"type-post","3":"status-publish","4":"format-standard","5":"has-post-thumbnail","7":"category-actualitat"},"_links":{"self":[{"href":"https:\/\/areabadalona.com\/diario\/wp-json\/wp\/v2\/posts\/9054","targetHints":{"allow":["GET"]}}],"collection":[{"href":"https:\/\/areabadalona.com\/diario\/wp-json\/wp\/v2\/posts"}],"about":[{"href":"https:\/\/areabadalona.com\/diario\/wp-json\/wp\/v2\/types\/post"}],"author":[{"embeddable":true,"href":"https:\/\/areabadalona.com\/diario\/wp-json\/wp\/v2\/users\/2"}],"replies":[{"embeddable":true,"href":"https:\/\/areabadalona.com\/diario\/wp-json\/wp\/v2\/comments?post=9054"}],"version-history":[{"count":1,"href":"https:\/\/areabadalona.com\/diario\/wp-json\/wp\/v2\/posts\/9054\/revisions"}],"predecessor-version":[{"id":9056,"href":"https:\/\/areabadalona.com\/diario\/wp-json\/wp\/v2\/posts\/9054\/revisions\/9056"}],"wp:featuredmedia":[{"embeddable":true,"href":"https:\/\/areabadalona.com\/diario\/wp-json\/wp\/v2\/media\/9055"}],"wp:attachment":[{"href":"https:\/\/areabadalona.com\/diario\/wp-json\/wp\/v2\/media?parent=9054"}],"wp:term":[{"taxonomy":"category","embeddable":true,"href":"https:\/\/areabadalona.com\/diario\/wp-json\/wp\/v2\/categories?post=9054"},{"taxonomy":"post_tag","embeddable":true,"href":"https:\/\/areabadalona.com\/diario\/wp-json\/wp\/v2\/tags?post=9054"}],"curies":[{"name":"wp","href":"https:\/\/api.w.org\/{rel}","templated":true}]}}