{"id":8807,"date":"2025-05-15T09:22:24","date_gmt":"2025-05-15T09:22:24","guid":{"rendered":"https:\/\/areabadalona.com\/diario\/?p=8807"},"modified":"2025-05-15T09:22:25","modified_gmt":"2025-05-15T09:22:25","slug":"tretze-centres-educatius-participen-en-la-4a-edicio-de-la-fira-ods-objectius-de-desenvolupament-sostenible-on-compartir-idees-per-canviar-el-mon","status":"publish","type":"post","link":"https:\/\/areabadalona.com\/diario\/2025\/05\/15\/tretze-centres-educatius-participen-en-la-4a-edicio-de-la-fira-ods-objectius-de-desenvolupament-sostenible-on-compartir-idees-per-canviar-el-mon\/","title":{"rendered":"Tretze centres educatius participen en la 4a edici\u00f3 de la Fira ODS (Objectius de Desenvolupament Sostenible) on compartir idees per canviar el m\u00f3n"},"content":{"rendered":"\n<p>M\u00e9s de 850 nois i noies de 13 centres educatius de Badalona participaran el pr\u00f2xim divendres 16 de maig, a la 4a edici\u00f3 de la Fira dels ODS. L&#8217;objectiu de la Fira \u00e9s implicar la ciutadania en l\u2019acci\u00f3 global marcada per l\u2019Agenda 2030 de Desenvolupament Sostenible de l&#8217;ONU a trav\u00e9s dels treballs que han dut a terme a les escoles de prim\u00e0ria i els instituts p\u00fablics de secund\u00e0ria dels barris de La Salut, Llefi\u00e0 i Sant Roc.<\/p>\n\n\n\n<p>El 25 de setembre del 2015 l\u2019Assemblea General de les Nacions Unides va aprovar la resoluci\u00f3 \u201cAgenda 2030: transformar el nostre m\u00f3n\u201d i els seus 17 Objectius de Desenvolupament Sostenible (ODS), un pla d&#8217;acci\u00f3 a favor de les persones, el planeta, la prosperitat i la pau universal. En aquest document els pa\u00efsos signants van fer una crida a l\u2019acci\u00f3 per poder fer front als reptes del desenvolupament sostenible. Catalunya tamb\u00e9 es va fer ress\u00f2 d\u2019aquesta crida amb l\u2019elaboraci\u00f3 i l\u2019aprovaci\u00f3 del Pla nacional per a la implementaci\u00f3 de l\u2019Agenda 2030.<\/p>\n\n\n\n<p>Aquesta fira \u00e9s un projecte col\u00b7lectiu on els centres educatius implicats participaran amb tota la comunitat educativa. L\u2019alumnat ser\u00e0 el protagonista de l\u2019acte i mostrar\u00e0 a la ciutadania la feina compromesa amb els ODS, realitzada des de les aules amb l\u2019acompanyament del professorat.<\/p>\n\n\n\n<p>A la Fira hi haur\u00e0 estands informatius amb els projectes que desenvolupen els centres educatius, aix\u00ed com actuacions musicals protagonitzades pel seu alumnat. La Fira \u00e9s oberta a totes les fam\u00edlies i al ve\u00efnat que s&#8217;hi vulgui acostar.<\/p>\n\n\n\n<p>Aquesta Fira, promoguda des dels seus inicis per l&#8217;Institut Barres i Ones, compta aquest any amb la participaci\u00f3 d&#8217;aquestes 13 escoles i instituts: Antoni Botey, Baldiri Reixac, Baldomer Sol\u00e0, Barres i Ones, Enric Borr\u00e0s, Eugeni d&#8217;Ors, \u00cdtaca, Josep Boada, Josep Carner, J\u00falia Minguell, Pere de Tera, Rafael Alberti i Tur\u00f3 d&#8217;en Caritg.<\/p>\n\n\n\n<p>La 4a Fira dels ODS est\u00e0 organitzada per l&#8217;Institut Barres i Ones i per la resta de centres que hi participen, amb la col\u00b7laboraci\u00f3 del Conservatori Professional de M\u00fasica de Badalona i del Servei d&#8217;Educaci\u00f3 de l&#8217;Ajuntament de Badalona.<\/p>\n","protected":false},"excerpt":{"rendered":"<p>M\u00e9s de 850 nois i noies de 13 centres educatius de Badalona participaran el pr\u00f2xim divendres 16 de maig, a la 4a edici\u00f3 de la Fira dels ODS. L&#8217;objectiu de la Fira \u00e9s implicar la ciutadania en l\u2019acci\u00f3 global marcada per l\u2019Agenda 2030 de Desenvolupament Sostenible de l&#8217;ONU a trav\u00e9s dels treballs que han dut [&hellip;]<\/p>\n","protected":false},"author":2,"featured_media":8808,"comment_status":"closed","ping_status":"open","sticky":false,"template":"","format":"standard","meta":{"footnotes":""},"categories":[23],"tags":[],"class_list":{"0":"post-8807","1":"post","2":"type-post","3":"status-publish","4":"format-standard","5":"has-post-thumbnail","7":"category-actualitat"},"_links":{"self":[{"href":"https:\/\/areabadalona.com\/diario\/wp-json\/wp\/v2\/posts\/8807","targetHints":{"allow":["GET"]}}],"collection":[{"href":"https:\/\/areabadalona.com\/diario\/wp-json\/wp\/v2\/posts"}],"about":[{"href":"https:\/\/areabadalona.com\/diario\/wp-json\/wp\/v2\/types\/post"}],"author":[{"embeddable":true,"href":"https:\/\/areabadalona.com\/diario\/wp-json\/wp\/v2\/users\/2"}],"replies":[{"embeddable":true,"href":"https:\/\/areabadalona.com\/diario\/wp-json\/wp\/v2\/comments?post=8807"}],"version-history":[{"count":1,"href":"https:\/\/areabadalona.com\/diario\/wp-json\/wp\/v2\/posts\/8807\/revisions"}],"predecessor-version":[{"id":8809,"href":"https:\/\/areabadalona.com\/diario\/wp-json\/wp\/v2\/posts\/8807\/revisions\/8809"}],"wp:featuredmedia":[{"embeddable":true,"href":"https:\/\/areabadalona.com\/diario\/wp-json\/wp\/v2\/media\/8808"}],"wp:attachment":[{"href":"https:\/\/areabadalona.com\/diario\/wp-json\/wp\/v2\/media?parent=8807"}],"wp:term":[{"taxonomy":"category","embeddable":true,"href":"https:\/\/areabadalona.com\/diario\/wp-json\/wp\/v2\/categories?post=8807"},{"taxonomy":"post_tag","embeddable":true,"href":"https:\/\/areabadalona.com\/diario\/wp-json\/wp\/v2\/tags?post=8807"}],"curies":[{"name":"wp","href":"https:\/\/api.w.org\/{rel}","templated":true}]}}