{"id":8804,"date":"2025-05-13T09:13:34","date_gmt":"2025-05-13T09:13:34","guid":{"rendered":"https:\/\/areabadalona.com\/diario\/?p=8804"},"modified":"2025-05-15T09:14:12","modified_gmt":"2025-05-15T09:14:12","slug":"comencen-les-obres-de-descontaminacio-del-terreny-on-es-construira-la-nova-escola-badalona-port","status":"publish","type":"post","link":"https:\/\/areabadalona.com\/diario\/2025\/05\/13\/comencen-les-obres-de-descontaminacio-del-terreny-on-es-construira-la-nova-escola-badalona-port\/","title":{"rendered":"Comencen les obres de descontaminaci\u00f3 del terreny on es construir\u00e0 la nova escola Badalona Port"},"content":{"rendered":"\n<p>Aquesta setmana han comen\u00e7at les obres de descontaminaci\u00f3 del terreny situat al carrer d\u2019Eduard Maristany, 248 on es construir\u00e0 la futura escola Badalona Port. Aquest centre escolar fa 14 anys que va entrar en funcionament al carrer de la Ind\u00fastria 271 constru\u00eft amb m\u00f2duls prefabricats.<\/p>\n\n\n\n<p>Les obres de descontaminaci\u00f3 del terreny, amb un pressupost de 600.000 euros, tenen un termini previst d\u2019execuci\u00f3 de 4 mesos i mig i inclouen el sanejament del s\u00f2l i el subsol mitjan\u00e7ant l\u2019excavaci\u00f3 de terres i el desbrossament vegetal. Tamb\u00e9 es portar\u00e0 a terme la retirada de les soleres i els paviments de formig\u00f3 existents. Aix\u00ed mateix, un cop enllestit el sanejament del terreny, es protegir\u00e0 el per\u00edmetre de la parcel\u00b7la com a passes pr\u00e8vies per a la construcci\u00f3 definitiva de la nova escola Badalona Port que, a m\u00e9s, comptar\u00e0 amb una pista poliesportiva.<\/p>\n\n\n\n<p>L\u2019alcalde de Badalona, Xavier Garcia Albiol, ha recordat que la construcci\u00f3 de l\u2019escola li correspon a la Generalitat, per\u00f2 que el Ple municipal va decidir que l\u2019Ajuntament avanc\u00e9s els diners i constru\u00eds l\u2019escola perqu\u00e8 es pogu\u00e9s construir abans, tot i que fins ara no s\u2019havia avan\u00e7at en aquest proc\u00e9s. Per aix\u00f2 ha destacat que aquesta preparaci\u00f3 del terreny \u00e9s un pas endavant important per fer realitat el nou edifici de l\u2019escola. \u201cFem un pas m\u00e9s perqu\u00e8 aquest col\u00b7legi deixi d\u2019estar en barracons i per dotar el Gorg d\u2019equipaments que donin resposta al creixement de poblaci\u00f3 que est\u00e0 experimentant el barri\u201d, ha afirmat l\u2019alcalde. \u201cAquestes obres s\u00f3n una mostra m\u00e9s que continuem treballant en la transformaci\u00f3 de Badalona, tamb\u00e9 en l\u2019\u00e0mbit educatiu\u201d, ha concl\u00f2s Garcia Albiol.<\/p>\n","protected":false},"excerpt":{"rendered":"<p>Aquesta setmana han comen\u00e7at les obres de descontaminaci\u00f3 del terreny situat al carrer d\u2019Eduard Maristany, 248 on es construir\u00e0 la futura escola Badalona Port. Aquest centre escolar fa 14 anys que va entrar en funcionament al carrer de la Ind\u00fastria 271 constru\u00eft amb m\u00f2duls prefabricats. Les obres de descontaminaci\u00f3 del terreny, amb un pressupost de [&hellip;]<\/p>\n","protected":false},"author":2,"featured_media":8805,"comment_status":"closed","ping_status":"open","sticky":false,"template":"","format":"standard","meta":{"footnotes":""},"categories":[23],"tags":[],"class_list":{"0":"post-8804","1":"post","2":"type-post","3":"status-publish","4":"format-standard","5":"has-post-thumbnail","7":"category-actualitat"},"_links":{"self":[{"href":"https:\/\/areabadalona.com\/diario\/wp-json\/wp\/v2\/posts\/8804","targetHints":{"allow":["GET"]}}],"collection":[{"href":"https:\/\/areabadalona.com\/diario\/wp-json\/wp\/v2\/posts"}],"about":[{"href":"https:\/\/areabadalona.com\/diario\/wp-json\/wp\/v2\/types\/post"}],"author":[{"embeddable":true,"href":"https:\/\/areabadalona.com\/diario\/wp-json\/wp\/v2\/users\/2"}],"replies":[{"embeddable":true,"href":"https:\/\/areabadalona.com\/diario\/wp-json\/wp\/v2\/comments?post=8804"}],"version-history":[{"count":1,"href":"https:\/\/areabadalona.com\/diario\/wp-json\/wp\/v2\/posts\/8804\/revisions"}],"predecessor-version":[{"id":8806,"href":"https:\/\/areabadalona.com\/diario\/wp-json\/wp\/v2\/posts\/8804\/revisions\/8806"}],"wp:featuredmedia":[{"embeddable":true,"href":"https:\/\/areabadalona.com\/diario\/wp-json\/wp\/v2\/media\/8805"}],"wp:attachment":[{"href":"https:\/\/areabadalona.com\/diario\/wp-json\/wp\/v2\/media?parent=8804"}],"wp:term":[{"taxonomy":"category","embeddable":true,"href":"https:\/\/areabadalona.com\/diario\/wp-json\/wp\/v2\/categories?post=8804"},{"taxonomy":"post_tag","embeddable":true,"href":"https:\/\/areabadalona.com\/diario\/wp-json\/wp\/v2\/tags?post=8804"}],"curies":[{"name":"wp","href":"https:\/\/api.w.org\/{rel}","templated":true}]}}