{"id":8797,"date":"2025-05-09T08:42:07","date_gmt":"2025-05-09T08:42:07","guid":{"rendered":"https:\/\/areabadalona.com\/diario\/?p=8797"},"modified":"2025-05-12T08:44:09","modified_gmt":"2025-05-12T08:44:09","slug":"una-delegacio-sud-coreana-visita-el-port-de-badalona-per-coneixer-la-seva-gestio-i-transformacio","status":"publish","type":"post","link":"https:\/\/areabadalona.com\/diario\/2025\/05\/09\/una-delegacio-sud-coreana-visita-el-port-de-badalona-per-coneixer-la-seva-gestio-i-transformacio\/","title":{"rendered":"Una delegaci\u00f3 sud-coreana visita el port de Badalona per con\u00e8ixer la seva gesti\u00f3 i transformaci\u00f3"},"content":{"rendered":"\n<p>El port de Badalona i l\u2019Ajuntament de la ciutat han rebut avui la visita oficial d\u2019una delegaci\u00f3 sud-coreana que ha volgut con\u00e8ixer la reconversi\u00f3 del front litoral des de la seva etapa industrial fins a l\u2019actualitat, un per\u00edode en qu\u00e8 una zona on hi havia antigues f\u00e0briques s\u2019ha transformat en un espai urb\u00e0 del segle XXI que connecta la ciutat amb el mar. Tamb\u00e9 han volgut con\u00e8ixer de primera m\u00e0 el model de gesti\u00f3 del canvi que es fa del port dels espais portuaris amb activitats d\u2019economia blava, lligades a la pesca, la ind\u00fastria n\u00e0utica i el turisme.<\/p>\n\n\n\n<p>La delegaci\u00f3 ha estat encap\u00e7alada president de l\u2019Empresa Social Sea Asia, Jin-Woo Kim i el president de la Corporaci\u00f3 de Ports i Pesca de Corea del Sud, Jeong-uk Hong, que han visitat el port acompanyats pel segon tinent d\u2019Alcalde de l\u2019Ajuntament de Badalona, Daniel Gracia, la directora de la Zona Portu\u00e0ria Centre, Esther Blanco, el gerent del port de Badalona, Imanol Sanz i la regidora de l\u2019\u00c0rea de Comer\u00e7, Mercats i Consum de l\u2019Ajuntament, Rosa Bertran.<\/p>\n\n\n\n<p>El nou Pla d\u2019usos del port de Badalona ha de permetre desenvolupar l\u2019\u00e0mbit portuari i potenciar l\u2019activitat econ\u00f2mica, social, tur\u00edstica i cultural, aix\u00ed com la relaci\u00f3 entre el port i el teixit urb\u00e0. En aquest marc, la gesti\u00f3 duta a terme els darrers anys al port de Badalona ha anat en paral\u00b7lel a la transformaci\u00f3 del front mar\u00edtim, a trav\u00e9s de l\u2019execuci\u00f3 de grans projectes que han reconvertit un espai portuari en una infraestructura de primer ordre, on tamb\u00e9 s\u2019han creat espais culturals i s\u2019han ampliat equipaments tur\u00edstics i d\u2019oci. Una de les actuacions clau \u00e9s la construcci\u00f3 d\u2019un canal de navegaci\u00f3 de 350 metres de longitud que s\u2019endinsa a la ciutat, transformant l\u2019entorn urban\u00edstic i integrant. D\u2019aquest canvi de model portuari destaquen tres eixos cabdals: la reconversi\u00f3 de la infraestructura pesquera en ind\u00fastria n\u00e0utica de primer nivell internacional, la creaci\u00f3 de nous espais culturals i art\u00edstics i l\u2019ampliaci\u00f3 dels equipaments tur\u00edstics i d\u2019oci.<\/p>\n\n\n\n<p><strong>Canvi de model<\/strong><\/p>\n\n\n\n<p>La transformaci\u00f3 que el sector pesquer est\u00e0 abordant, en especial el de la pesca artesanal, obliga a buscar nous usos que adaptin els antics molls i espais en nous usos per redimensionar els espais pesquers, inicialment pensats per a una activitat que ja no \u00e9s viable, en altres nous usos complementaris que ajudin a preservar la tradicional i rica cultura marinera de la ciutat com ara, espais pesquers i muse\u00edstics al voltant del mar i la n\u00e0utica.<\/p>\n\n\n\n<p>El projecte del port de Badalona va permetre crear una marina esportiva amb 626 amarradors amb eslores que van de 8 a 35 metres, que es completaran amb 200 amarradors m\u00e9s de n\u00e0utica popular al canal de navegaci\u00f3. Aix\u00ed mateix, les caracter\u00edstiques del passeig mar\u00edtim de la ciutat permeten als ciutadans gaudir d\u2019un carril bici de cinc quil\u00f2metres de llargada, a trav\u00e9s del litoral, amb \u00e0mplies zones de jocs infantils i espais l\u00fadics.<\/p>\n\n\n\n<p><strong>Potenciar l\u2019acci\u00f3 exterior amb Corea del Sud<\/strong><\/p>\n\n\n\n<p>Aquesta visita oficial forma part dels intercanvis de bones pr\u00e0ctiques entre les dues administracions que es fan entre el Govern de Catalunya i el Govern de Corea del Sud, un pa\u00eds prioritari per a l\u2019acci\u00f3 exterior de Catalunya. <em>Korea Fisheries Association Infrastructure Public Agency<\/em>&nbsp;(FIPA), amb seu a Se\u00fcl, \u00e9s una ag\u00e8ncia p\u00fablica del Govern sud-core\u00e0 d\u2019afers pesquers, que s\u2019encarrega de gestionar el desenvolupament i la gesti\u00f3 dels pobles de pescadors i els ports pesquers, la conservaci\u00f3 i l&#8217;\u00fas eficient dels caladors, el desenvolupament i la investigaci\u00f3 de tecnologies relacionades. Aquesta ag\u00e8ncia ha vingut al port de Badalona per con\u00e8ixer la transformaci\u00f3 duta a terme en la construcci\u00f3 d\u2019un port esportiu modern, adaptant els espais pesquers, actualment amb tres embarcacions, per crear un gran espai multifuncional dinamitzador de l\u2019economia, la cultura i el turisme, amb grans zones perqu\u00e8 els ciutadans puguin gaudir d\u2019un front mar\u00edtim modern i ple d\u2019hist\u00f2ria.<\/p>\n","protected":false},"excerpt":{"rendered":"<p>El port de Badalona i l\u2019Ajuntament de la ciutat han rebut avui la visita oficial d\u2019una delegaci\u00f3 sud-coreana que ha volgut con\u00e8ixer la reconversi\u00f3 del front litoral des de la seva etapa industrial fins a l\u2019actualitat, un per\u00edode en qu\u00e8 una zona on hi havia antigues f\u00e0briques s\u2019ha transformat en un espai urb\u00e0 del segle [&hellip;]<\/p>\n","protected":false},"author":2,"featured_media":8798,"comment_status":"closed","ping_status":"open","sticky":false,"template":"","format":"standard","meta":{"footnotes":""},"categories":[23],"tags":[],"class_list":{"0":"post-8797","1":"post","2":"type-post","3":"status-publish","4":"format-standard","5":"has-post-thumbnail","7":"category-actualitat"},"_links":{"self":[{"href":"https:\/\/areabadalona.com\/diario\/wp-json\/wp\/v2\/posts\/8797","targetHints":{"allow":["GET"]}}],"collection":[{"href":"https:\/\/areabadalona.com\/diario\/wp-json\/wp\/v2\/posts"}],"about":[{"href":"https:\/\/areabadalona.com\/diario\/wp-json\/wp\/v2\/types\/post"}],"author":[{"embeddable":true,"href":"https:\/\/areabadalona.com\/diario\/wp-json\/wp\/v2\/users\/2"}],"replies":[{"embeddable":true,"href":"https:\/\/areabadalona.com\/diario\/wp-json\/wp\/v2\/comments?post=8797"}],"version-history":[{"count":1,"href":"https:\/\/areabadalona.com\/diario\/wp-json\/wp\/v2\/posts\/8797\/revisions"}],"predecessor-version":[{"id":8799,"href":"https:\/\/areabadalona.com\/diario\/wp-json\/wp\/v2\/posts\/8797\/revisions\/8799"}],"wp:featuredmedia":[{"embeddable":true,"href":"https:\/\/areabadalona.com\/diario\/wp-json\/wp\/v2\/media\/8798"}],"wp:attachment":[{"href":"https:\/\/areabadalona.com\/diario\/wp-json\/wp\/v2\/media?parent=8797"}],"wp:term":[{"taxonomy":"category","embeddable":true,"href":"https:\/\/areabadalona.com\/diario\/wp-json\/wp\/v2\/categories?post=8797"},{"taxonomy":"post_tag","embeddable":true,"href":"https:\/\/areabadalona.com\/diario\/wp-json\/wp\/v2\/tags?post=8797"}],"curies":[{"name":"wp","href":"https:\/\/api.w.org\/{rel}","templated":true}]}}