{"id":8794,"date":"2025-05-12T08:41:04","date_gmt":"2025-05-12T08:41:04","guid":{"rendered":"https:\/\/areabadalona.com\/diario\/?p=8794"},"modified":"2025-05-12T08:41:04","modified_gmt":"2025-05-12T08:41:04","slug":"badalona-commemora-el-dia-internacional-contra-llgtbiqfobia","status":"publish","type":"post","link":"https:\/\/areabadalona.com\/diario\/2025\/05\/12\/badalona-commemora-el-dia-internacional-contra-llgtbiqfobia\/","title":{"rendered":"Badalona commemora el Dia Internacional contra l\u2019LGTBIQ+f\u00f2bia"},"content":{"rendered":"\n<p>L\u2019Ajuntament de Badalona commemora el Dia Internacional contra l\u2019LGTBIQ+f\u00f2bia, que se celebra el 17 de maig, amb diverses activitats programades durant tota la pr\u00f2xima setmana sota el lema \u201cConstru\u00efm una Badalona on pots ser lliure! Badalona contra l\u2019LGTBIQ+f\u00f2bia\u201d. Les diferents propostes s\u2019han organitzat des del servei de Feminismes i LGTBIQ+ municipal amb l\u2019objectiu de reivindicar, sensibilitzar i conscienciar la ciutadania.<\/p>\n\n\n\n<p>Les activitats destacades que organitza l\u2019Ajuntament de Badalona s\u00f3n:<\/p>\n\n\n\n<ul class=\"wp-block-list\">\n<li>Estand informatiu SAI LGTBIQ+. Divendres 16 de maig a les 10 a 14h a la pla\u00e7a de la Vila<\/li>\n\n\n\n<li>Taller per a educaci\u00f3 secund\u00e0ria \u201cSer i estimar en llibertat\u201d, a c\u00e0rrec de personal t\u00e8cnic del SAI LGTBIQ+ de l\u2019Ajuntament de Badalona. \u00a0dimarts 13 i dimecres 14 de maig, a partir de les 10h a l\u2019Espai Bet\u00falia (carrer d\u2019Enric Borr\u00e0s,43). Acte amb inscripcions tancades.<\/li>\n<\/ul>\n\n\n\n<p>El Dia Internacional contra l\u2019LGTBIQ+f\u00f2bia se celebra cada 17 de maig per lluitar contra qualsevol mena de discriminaci\u00f3 cap a les persones del col\u00b7lectiu LGTBIQ+, per promoure la seva participaci\u00f3 igualit\u00e0ria davant la societat i per garantir plenament els seus drets. A la vegada, es tracta d\u2019una data assenyalada que commemora a totes aquelles persones que han sigut v\u00edctimes de la viol\u00e8ncia i la discriminaci\u00f3 per la seva identitat i\/o expressi\u00f3 de g\u00e8nere, i per la seva orientaci\u00f3 sexual.<\/p>\n\n\n\n<p>La regidora de l\u2019\u00c0rea de Gent Gran, Feminisme, LGTBIQ+ i Diversitat Funcional, Flor\u00e8ncia Badia, ha recordat que \u201cel 17 de maig \u00e9s un dia important per a la conscienciaci\u00f3 de la ciutadania i per reivindicar la igualtat &nbsp;entre totes les persones, independentment de la seva identitat o orientaci\u00f3 sexual\u201d.<\/p>\n","protected":false},"excerpt":{"rendered":"<p>L\u2019Ajuntament de Badalona commemora el Dia Internacional contra l\u2019LGTBIQ+f\u00f2bia, que se celebra el 17 de maig, amb diverses activitats programades durant tota la pr\u00f2xima setmana sota el lema \u201cConstru\u00efm una Badalona on pots ser lliure! Badalona contra l\u2019LGTBIQ+f\u00f2bia\u201d. Les diferents propostes s\u2019han organitzat des del servei de Feminismes i LGTBIQ+ municipal amb l\u2019objectiu de reivindicar, [&hellip;]<\/p>\n","protected":false},"author":2,"featured_media":8795,"comment_status":"closed","ping_status":"open","sticky":false,"template":"","format":"standard","meta":{"footnotes":""},"categories":[23],"tags":[],"class_list":{"0":"post-8794","1":"post","2":"type-post","3":"status-publish","4":"format-standard","5":"has-post-thumbnail","7":"category-actualitat"},"_links":{"self":[{"href":"https:\/\/areabadalona.com\/diario\/wp-json\/wp\/v2\/posts\/8794","targetHints":{"allow":["GET"]}}],"collection":[{"href":"https:\/\/areabadalona.com\/diario\/wp-json\/wp\/v2\/posts"}],"about":[{"href":"https:\/\/areabadalona.com\/diario\/wp-json\/wp\/v2\/types\/post"}],"author":[{"embeddable":true,"href":"https:\/\/areabadalona.com\/diario\/wp-json\/wp\/v2\/users\/2"}],"replies":[{"embeddable":true,"href":"https:\/\/areabadalona.com\/diario\/wp-json\/wp\/v2\/comments?post=8794"}],"version-history":[{"count":1,"href":"https:\/\/areabadalona.com\/diario\/wp-json\/wp\/v2\/posts\/8794\/revisions"}],"predecessor-version":[{"id":8796,"href":"https:\/\/areabadalona.com\/diario\/wp-json\/wp\/v2\/posts\/8794\/revisions\/8796"}],"wp:featuredmedia":[{"embeddable":true,"href":"https:\/\/areabadalona.com\/diario\/wp-json\/wp\/v2\/media\/8795"}],"wp:attachment":[{"href":"https:\/\/areabadalona.com\/diario\/wp-json\/wp\/v2\/media?parent=8794"}],"wp:term":[{"taxonomy":"category","embeddable":true,"href":"https:\/\/areabadalona.com\/diario\/wp-json\/wp\/v2\/categories?post=8794"},{"taxonomy":"post_tag","embeddable":true,"href":"https:\/\/areabadalona.com\/diario\/wp-json\/wp\/v2\/tags?post=8794"}],"curies":[{"name":"wp","href":"https:\/\/api.w.org\/{rel}","templated":true}]}}