{"id":8790,"date":"2025-05-11T08:38:49","date_gmt":"2025-05-11T08:38:49","guid":{"rendered":"https:\/\/areabadalona.com\/diario\/?p=8790"},"modified":"2025-05-12T08:39:55","modified_gmt":"2025-05-12T08:39:55","slug":"omar-montes-fa-vibrar-43-000-veins-en-un-concert-multitudinari-al-passeig-maritim-dins-dels-actes-de-la-nit-de-sant-anastasi","status":"publish","type":"post","link":"https:\/\/areabadalona.com\/diario\/2025\/05\/11\/omar-montes-fa-vibrar-43-000-veins-en-un-concert-multitudinari-al-passeig-maritim-dins-dels-actes-de-la-nit-de-sant-anastasi\/","title":{"rendered":"Omar montes fa vibrar 43.000 ve\u00efns en un concert multitudinari al passeig Mar\u00edtim, dins dels actes de la Nit de Sant Anastasi"},"content":{"rendered":"\n<p>Unes 43.000 persones van vibrar ahir a la nit en el concert d\u2019Omar Montes al passeig Mar\u00edtim de Badalona, just despr\u00e9s de la Cremada del Dimoni en la popular nit de Sant Anastasi de les Festes de Maig. La gran pres\u00e8ncia policial, amb dispositius tant de la Gu\u00e0rdia Urbana com dels Mossos d\u2019Esquadra, que van garantir la seguretat durant tot l\u2019esdeveniment, aix\u00ed com l\u2019actitud exemplar dels assistents, van fer possible que el concert finalitz\u00e9s sense cap incident de gravetat, malgrat la gran aflu\u00e8ncia de gent. \u00danicament es va haver de donar atenci\u00f3 m\u00e8dica a alguns joves per consum excessiu d\u2019alcohol i dues persones van ser traslladades a l\u2019hospital.<\/p>\n\n\n\n<p>L\u2019alcalde de Badalona, Xavier Garcia Albiol, ha destacat la coordinaci\u00f3 entre els diferents cossos policials i el dispositiu especial desplegat per assegurar que l\u2019esdeveniment es desenvolup\u00e9s amb normalitat. \u00abHem desplegat el dispositiu m\u00e9s gran dels \u00faltims anys, amb efectius de Gu\u00e0rdia Urbana i de Mossos d&#8217;Esquadra, amb unitats de Seguretat Ciutadana, ARRO i BRIMO, que han estat claus per garantir que la festa es desenvolup\u00e9s amb normalitat i sense incidents greus\u00bb, ha explicat Garcia Albiol. \u00abBadalona ha demostrat una vegada m\u00e9s que sabem gestionar esdeveniments multitudinaris amb la m\u00e0xima seguretat gr\u00e0cies a la coordinaci\u00f3 policial\u00bb.<\/p>\n\n\n\n<p>D\u2019altra banda, el Pla d\u2019autoprotecci\u00f3 implementat per l\u2019Ajuntament de Badalona durant la Cremada del Dimoni va complir els seus objectius, aconseguint que l\u2019acte m\u00e9s emblem\u00e0tic de les Festes de Maig es desenvolup\u00e9s sense incidents. La mesura, que respon al requeriment de la Generalitat de Catalunya per a esdeveniments de gran aflu\u00e8ncia, va permetre gestionar de manera \u00f2ptima la concentraci\u00f3 de fins a 36.000 persones al passeig de la Rambla, amb el suport d\u2019un dispositiu de 77 informadors i auxiliars de seguretat, a m\u00e9s d\u2019un ampli desplegament de la Gu\u00e0rdia Urbana i Mossos d\u2019Esquadra.<\/p>\n\n\n\n<div><a href=\"https:\/\/areabadalona.com\/diario\/wp-content\/uploads\/2025\/05\/Omar-Montes_1-1024x785.jpg\" class=\"td-modal-image\"><figure class=\"wp-block-image size-large\"><img loading=\"lazy\" decoding=\"async\" width=\"1024\" height=\"785\" src=\"https:\/\/areabadalona.com\/diario\/wp-content\/uploads\/2025\/05\/Omar-Montes_1-1024x785.jpg\" alt=\"\" class=\"wp-image-8792\" srcset=\"https:\/\/areabadalona.com\/diario\/wp-content\/uploads\/2025\/05\/Omar-Montes_1-1024x785.jpg 1024w, https:\/\/areabadalona.com\/diario\/wp-content\/uploads\/2025\/05\/Omar-Montes_1-300x230.jpg 300w, https:\/\/areabadalona.com\/diario\/wp-content\/uploads\/2025\/05\/Omar-Montes_1-768x589.jpg 768w, https:\/\/areabadalona.com\/diario\/wp-content\/uploads\/2025\/05\/Omar-Montes_1-150x115.jpg 150w, https:\/\/areabadalona.com\/diario\/wp-content\/uploads\/2025\/05\/Omar-Montes_1-696x534.jpg 696w, https:\/\/areabadalona.com\/diario\/wp-content\/uploads\/2025\/05\/Omar-Montes_1-1068x819.jpg 1068w, https:\/\/areabadalona.com\/diario\/wp-content\/uploads\/2025\/05\/Omar-Montes_1.jpg 1200w\" sizes=\"auto, (max-width: 1024px) 100vw, 1024px\" \/><\/figure><\/a><\/div>\n\n\n\n<p>L\u2019estrat\u00e8gia va incloure dues anelles de control per distribuir els fluxos de gent entre els carrers de Mar i d\u2019en Prim. En cap moment no es va arribar al l\u00edmit de persones permeses en el tram central de la Rambla, motiu pel qual no es van arribar a tancar els accessos. A m\u00e9s, l\u2019operatiu es va coordinar des del centre de control de la Gu\u00e0rdia Urbana, amb suport de drons policials i patrullatge aeri i mar\u00edtim dels Mossos d\u2019Esquadra.<\/p>\n\n\n\n<p>Despr\u00e9s del Ball a la pla\u00e7a de la Vila, el Seguici de la ciutat, l\u2019Acte Sacramental i el Ball de l\u2019\u00c0liga, la Nit de Sant Anastasi va continuar amb l\u2019espectacle Badalona: una ciutat de somni de 500 drons \u2013 300 m\u00e9s que l\u2019any passat- que van il\u00b7luminar el cel fent un recorregut per la hist\u00f2ria i els principals s\u00edmbols de Badalona. Aquest espectacle va ser seguit del Piromusical i del moment culminant de la festa, la cremada del Dimoni, aquest any \u201cEl Voluntari m\u00e9s endimoniat\u201d, obra de Jason S\u00e1nchez i constru\u00eft per Carles Piera.<\/p>\n","protected":false},"excerpt":{"rendered":"<p>Unes 43.000 persones van vibrar ahir a la nit en el concert d\u2019Omar Montes al passeig Mar\u00edtim de Badalona, just despr\u00e9s de la Cremada del Dimoni en la popular nit de Sant Anastasi de les Festes de Maig. La gran pres\u00e8ncia policial, amb dispositius tant de la Gu\u00e0rdia Urbana com dels Mossos d\u2019Esquadra, que van [&hellip;]<\/p>\n","protected":false},"author":2,"featured_media":8791,"comment_status":"closed","ping_status":"open","sticky":false,"template":"","format":"standard","meta":{"footnotes":""},"categories":[25],"tags":[],"class_list":{"0":"post-8790","1":"post","2":"type-post","3":"status-publish","4":"format-standard","5":"has-post-thumbnail","7":"category-cultura"},"_links":{"self":[{"href":"https:\/\/areabadalona.com\/diario\/wp-json\/wp\/v2\/posts\/8790","targetHints":{"allow":["GET"]}}],"collection":[{"href":"https:\/\/areabadalona.com\/diario\/wp-json\/wp\/v2\/posts"}],"about":[{"href":"https:\/\/areabadalona.com\/diario\/wp-json\/wp\/v2\/types\/post"}],"author":[{"embeddable":true,"href":"https:\/\/areabadalona.com\/diario\/wp-json\/wp\/v2\/users\/2"}],"replies":[{"embeddable":true,"href":"https:\/\/areabadalona.com\/diario\/wp-json\/wp\/v2\/comments?post=8790"}],"version-history":[{"count":1,"href":"https:\/\/areabadalona.com\/diario\/wp-json\/wp\/v2\/posts\/8790\/revisions"}],"predecessor-version":[{"id":8793,"href":"https:\/\/areabadalona.com\/diario\/wp-json\/wp\/v2\/posts\/8790\/revisions\/8793"}],"wp:featuredmedia":[{"embeddable":true,"href":"https:\/\/areabadalona.com\/diario\/wp-json\/wp\/v2\/media\/8791"}],"wp:attachment":[{"href":"https:\/\/areabadalona.com\/diario\/wp-json\/wp\/v2\/media?parent=8790"}],"wp:term":[{"taxonomy":"category","embeddable":true,"href":"https:\/\/areabadalona.com\/diario\/wp-json\/wp\/v2\/categories?post=8790"},{"taxonomy":"post_tag","embeddable":true,"href":"https:\/\/areabadalona.com\/diario\/wp-json\/wp\/v2\/tags?post=8790"}],"curies":[{"name":"wp","href":"https:\/\/api.w.org\/{rel}","templated":true}]}}