{"id":8786,"date":"2025-05-09T11:37:42","date_gmt":"2025-05-09T11:37:42","guid":{"rendered":"https:\/\/areabadalona.com\/diario\/?p=8786"},"modified":"2025-05-09T11:37:43","modified_gmt":"2025-05-09T11:37:43","slug":"lajuntament-de-badalona-impulsa-la-campanya-orgullosament-badalona-per-fomentar-la-col%c2%b7locacio-de-la-bandera-de-la-ciutat-als-balcons-durant-les-festes-de-maig","status":"publish","type":"post","link":"https:\/\/areabadalona.com\/diario\/2025\/05\/09\/lajuntament-de-badalona-impulsa-la-campanya-orgullosament-badalona-per-fomentar-la-col%c2%b7locacio-de-la-bandera-de-la-ciutat-als-balcons-durant-les-festes-de-maig\/","title":{"rendered":"L\u2019Ajuntament de Badalona impulsa la campanya \u201cOrgullosament Badalona\u201d per fomentar la col\u00b7locaci\u00f3 de la bandera de la ciutat als balcons durant les Festes de Maig"},"content":{"rendered":"\n<p>L\u2019Ajuntament de Badalona ha posat en marxa la campanya \u201cOrgullosament Badalona. Aquestes Festes de Maig, posa la bandera de Badalona al teu balc\u00f3!\u201d, amb l\u2019objectiu de fomentar l\u2019orgull de ciutat i promoure la col\u00b7locaci\u00f3 de la bandera badalonina als balcons dels habitatges durant les Festes de Maig.<\/p>\n\n\n\n<p>La iniciativa, que inclou un v\u00eddeo per a les xarxes socials amb la can\u00e7\u00f3 Badalona de David Ros com a banda sonora, vol refor\u00e7ar el sentiment de pertinen\u00e7a i identitat badalonina. A m\u00e9s del v\u00eddeo, la campanya inclou posts per a xarxes socials protagonitzats per elements representatius del patrimoni local, com la Venus, l\u2019escultura del mono del pont del Petroli o l\u2019est\u00e0tua de Manolo Escobar, engalanats amb la bandera de Badalona, per inspirar la ciutadania a sumar-se a la campanya i fer visible el seu orgull badalon\u00ed.<\/p>\n\n\n\n<p>Podeu veure el v\u00eddeo en aquest <a href=\"https:\/\/youtu.be\/r9hTK3mR8A8\">enlla\u00e7<\/a>.<\/p>\n\n\n\n<p>Les persones que vulguin adquirir una bandera de Badalona ho poden fer a l\u2019Oficina de Turisme de Badalona, ubicada al Centre Cultural El Carme Carrer Francesc Layret, 78, 82. El preu de la bandera \u00e9s de 3 euros.<\/p>\n\n\n\n<p>\u201cAquesta campanya neix amb la voluntat d\u2019incentivar la ciutadania a mostrar amb orgull els colors de la nostra ciutat, no nom\u00e9s durant les Festes de Maig, sin\u00f3 tamb\u00e9 en altres festivitats i esdeveniments especials al llarg de l\u2019any\u201d, ha explicat la tercera tinent d\u2019alcalde de l\u2019Ajuntament de Badalona, Rosa del Amo. \u201cVolem que Badalona esdevingui un referent pel que fa a la vinculaci\u00f3 dels ve\u00efns amb la ciutat i l\u2019estima pels seus s\u00edmbols, i que la bandera es converteixi en un element alegre de connexi\u00f3 i orgull compartit entre els badalonins\u201d, ha afegit.<\/p>\n","protected":false},"excerpt":{"rendered":"<p>L\u2019Ajuntament de Badalona ha posat en marxa la campanya \u201cOrgullosament Badalona. Aquestes Festes de Maig, posa la bandera de Badalona al teu balc\u00f3!\u201d, amb l\u2019objectiu de fomentar l\u2019orgull de ciutat i promoure la col\u00b7locaci\u00f3 de la bandera badalonina als balcons dels habitatges durant les Festes de Maig. La iniciativa, que inclou un v\u00eddeo per a [&hellip;]<\/p>\n","protected":false},"author":2,"featured_media":8787,"comment_status":"closed","ping_status":"open","sticky":false,"template":"","format":"standard","meta":{"footnotes":""},"categories":[23],"tags":[],"class_list":{"0":"post-8786","1":"post","2":"type-post","3":"status-publish","4":"format-standard","5":"has-post-thumbnail","7":"category-actualitat"},"_links":{"self":[{"href":"https:\/\/areabadalona.com\/diario\/wp-json\/wp\/v2\/posts\/8786","targetHints":{"allow":["GET"]}}],"collection":[{"href":"https:\/\/areabadalona.com\/diario\/wp-json\/wp\/v2\/posts"}],"about":[{"href":"https:\/\/areabadalona.com\/diario\/wp-json\/wp\/v2\/types\/post"}],"author":[{"embeddable":true,"href":"https:\/\/areabadalona.com\/diario\/wp-json\/wp\/v2\/users\/2"}],"replies":[{"embeddable":true,"href":"https:\/\/areabadalona.com\/diario\/wp-json\/wp\/v2\/comments?post=8786"}],"version-history":[{"count":1,"href":"https:\/\/areabadalona.com\/diario\/wp-json\/wp\/v2\/posts\/8786\/revisions"}],"predecessor-version":[{"id":8788,"href":"https:\/\/areabadalona.com\/diario\/wp-json\/wp\/v2\/posts\/8786\/revisions\/8788"}],"wp:featuredmedia":[{"embeddable":true,"href":"https:\/\/areabadalona.com\/diario\/wp-json\/wp\/v2\/media\/8787"}],"wp:attachment":[{"href":"https:\/\/areabadalona.com\/diario\/wp-json\/wp\/v2\/media?parent=8786"}],"wp:term":[{"taxonomy":"category","embeddable":true,"href":"https:\/\/areabadalona.com\/diario\/wp-json\/wp\/v2\/categories?post=8786"},{"taxonomy":"post_tag","embeddable":true,"href":"https:\/\/areabadalona.com\/diario\/wp-json\/wp\/v2\/tags?post=8786"}],"curies":[{"name":"wp","href":"https:\/\/api.w.org\/{rel}","templated":true}]}}