{"id":8782,"date":"2025-05-08T11:34:28","date_gmt":"2025-05-08T11:34:28","guid":{"rendered":"https:\/\/areabadalona.com\/diario\/?p=8782"},"modified":"2025-05-09T11:35:01","modified_gmt":"2025-05-09T11:35:01","slug":"lajuntament-de-badalona-desplegara-un-dispositiu-amb-77-informadors-i-141-efectius-de-la-guardia-urbana-per-garantir-la-seguretat-i-el-gaudi-dels-veins-durant-la-cremada-del-dimoni","status":"publish","type":"post","link":"https:\/\/areabadalona.com\/diario\/2025\/05\/08\/lajuntament-de-badalona-desplegara-un-dispositiu-amb-77-informadors-i-141-efectius-de-la-guardia-urbana-per-garantir-la-seguretat-i-el-gaudi-dels-veins-durant-la-cremada-del-dimoni\/","title":{"rendered":"L\u2019Ajuntament de Badalona desplegar\u00e0 un dispositiu amb 77 informadors i 141 efectius de la Gu\u00e0rdia Urbana per garantir la seguretat i el gaudi dels ve\u00efns durant la Cremada del Dimoni"},"content":{"rendered":"\n<p>L\u2019Ajuntament de Badalona implementar\u00e0 un Pla d\u2019autoprotecci\u00f3 el pr\u00f2xim dissabte dia 10 de maig per garantir la seguretat de la ciutadania durant la Cremada del Dimoni, l\u2019acte m\u00e9s emblem\u00e0tic i multitudinari de les Festes de Maig. Aquest pla \u00e9s un requeriment que fa la Generalitat de Catalunya per dur a terme un esdeveniment com aquest, que reuneix moltes persones a la vegada durant un espai de temps curt en una \u00e0rea de dimensions redu\u00efdes.<\/p>\n\n\n\n<p>Amb l\u2019objectiu de protegir les persones i, a la vegada, garantir el seu gaudi, l\u2019Ajuntament de Badalona desplegar\u00e0 des de les 19 i fins a les 23 hores un equip de 77 informadors i auxiliars de seguretat entre el carrer del Mar i el carrer d\u2019en Prim per controlar la mobilitat de la zona i fer que els fluxos de gent siguin correctes, aconseguint aix\u00ed que les persones es distribueixin homog\u00e8niament per aquest tram del passeig de la Rambla, on hi haur\u00e0 un l\u00edmit d\u2019aforament de 36.000 persones, unes 3.000 menys que l\u2019any passat. La tasca dels informadors evitar\u00e0 les aglomeracions i ressituar\u00e0 a les persones en zones com la platja, on no hi ha l\u00edmits d\u2019aforament.<\/p>\n\n\n\n<p>La tasca dels informadors estar\u00e0 coordinada per la Gu\u00e0rdia Urbana de Badalona, que durant el dia 10 de maig desplegar\u00e0 pels carrers de la ciutat 141 efectius entre el torn de tarda (80) i el de nit (61), una pres\u00e8ncia molt m\u00e9s gran que la dels darrers anys, ja que fa dos anys s\u2019hi van destinar 66 efectius entre els dos torns i l\u2019any passat 111. A m\u00e9s, tamb\u00e9 hi haur\u00e0 un dispositiu de Protecci\u00f3 civil integrat pels t\u00e8cnics de Protecci\u00f3 Civil municipal i 18 voluntaris.<\/p>\n\n\n\n<p>El dispositiu del cos de seguretat municipal ser\u00e0 din\u00e0mic i situar\u00e0 als 77 informadors en dues anelles diferents entre els carrers de Mar i d\u2019en Prim: una primera zona de control estar\u00e0 al carrer Francesc Layret i la segona al de Canonge Baranera. En aquests punts, els informadors, que tindran un comptador del flux de gent que aniran comunicant en tot moment al centre de control, distribuiran a la gent perqu\u00e8 es dirigeixin cap a les zones de la Rambla que estiguin menys ocupades. Tamb\u00e9 es dirigir\u00e0 a la gent cap a la platja, on, per garantir que l\u2019acc\u00e9s a la sorra \u00e9s ordenat, els informadors controlaran els passos subterranis i establiran fluxos d\u2019una \u00fanica direcci\u00f3.<\/p>\n\n\n\n<p>La connexi\u00f3 cont\u00ednua entre els informadors, els agents del cos de seguretat municipal i el centre de control de la Gu\u00e0rdia Urbana, juntament amb la informaci\u00f3 que aportaran els dos drons policials, permetran que el dispositiu de seguretat evolucioni segons les necessitats que hi hagi en cada moment.<\/p>\n\n\n\n<p>El Pla d\u2019autoprotecci\u00f3 tamb\u00e9 compta amb la col\u00b7laboraci\u00f3 dels Mossos d\u2019Esquadra, que durant tota la jornada garantiran la seguretat ciutadana per terra, mar i aire. En aquest sentit, agents d\u2019uniforme i de pais\u00e0 patrullaran pels carrers de la ciutat i se situaran en els punts m\u00e9s conflictius per prevenir altercats; hi haur\u00e0 drons dels Mossos que passaran informaci\u00f3 en directe; estar\u00e0 operativa la unitat antidrons per garantir que no hi ha cap objecte volant no perm\u00e8s; i navegar\u00e0 pel litoral badalon\u00ed un vaixell de la unitat mar\u00edtima dels Mossos, que controlar\u00e0 la zona on no poden haver-hi embarcacions durant l\u2019espectacle de drons i la Cremada del Dimoni.<\/p>\n\n\n\n<p>La presentaci\u00f3 del dispositiu de seguretat previst per aquest dissabte 10 de maig s\u2019ha presentat aquest dijous al mat\u00ed a l\u2019edifici El Viver en un acte en qu\u00e8 han participat la tercera tinenta d\u2019alcaldia de l\u2019Ajuntament de Badalona, Rosa del Amo; l\u2019intendent de la Gu\u00e0rdia Urbana de Badalona, Valent\u00edn Anad\u00f3n; el cap de la comissaria de Badalona de Mossos d\u2019Esquadra, l\u2019intendent Alfons Sarrias; i el cap del servei de Seguretat Ciutadana i Protecci\u00f3 Civil de l\u2019Ajuntament de Badalona, Eduard Aguayo.<\/p>\n\n\n\n<p>Durant l\u2019acte, la tinenta d\u2019alcaldia Rosa del Amo ha agra\u00eft la col\u00b7laboraci\u00f3 de tots els cossos de seguretat i dels serveis de l\u2019Ajuntament per fer aquest Pla d\u2019autoprotecci\u00f3, que \u201cgr\u00e0cies a l\u2019esfor\u00e7 a l\u2019esfor\u00e7 de totes les parts implicades va ser aprovat pel Departament d\u2019Interior sense cap esmena\u201d. Del Amo ha explicat que el pla posa el focus en la prevenci\u00f3 per garantir la m\u00e0xima seguretat sense interferir en el gaudi dels assistents. En aquest sentit, la tinenta d\u2019alcaldia ha destacat que l\u2019operatiu es desplegar\u00e0 a partir de les 19 hores perqu\u00e8 tothom estigui ben situat quan comenci la cremada i que no hi hagi corredisses ni aglomeracions. \u201cHem preparat aquest dispositiu amb molta cura i, a m\u00e9s de garantir la seguretat de tothom, tamb\u00e9 aplicarem el sentit com\u00fa, per aix\u00f2 podem afirmar que tots els ve\u00efns de la Rambla podran accedir als seus habitatges i que els treballadors de la zona podran anar als seus llocs de feina sense problemes\u201d, ha remarcat Del Amo.<\/p>\n","protected":false},"excerpt":{"rendered":"<p>L\u2019Ajuntament de Badalona implementar\u00e0 un Pla d\u2019autoprotecci\u00f3 el pr\u00f2xim dissabte dia 10 de maig per garantir la seguretat de la ciutadania durant la Cremada del Dimoni, l\u2019acte m\u00e9s emblem\u00e0tic i multitudinari de les Festes de Maig. Aquest pla \u00e9s un requeriment que fa la Generalitat de Catalunya per dur a terme un esdeveniment com aquest, [&hellip;]<\/p>\n","protected":false},"author":2,"featured_media":8783,"comment_status":"closed","ping_status":"open","sticky":false,"template":"","format":"standard","meta":{"footnotes":""},"categories":[23],"tags":[],"class_list":{"0":"post-8782","1":"post","2":"type-post","3":"status-publish","4":"format-standard","5":"has-post-thumbnail","7":"category-actualitat"},"_links":{"self":[{"href":"https:\/\/areabadalona.com\/diario\/wp-json\/wp\/v2\/posts\/8782","targetHints":{"allow":["GET"]}}],"collection":[{"href":"https:\/\/areabadalona.com\/diario\/wp-json\/wp\/v2\/posts"}],"about":[{"href":"https:\/\/areabadalona.com\/diario\/wp-json\/wp\/v2\/types\/post"}],"author":[{"embeddable":true,"href":"https:\/\/areabadalona.com\/diario\/wp-json\/wp\/v2\/users\/2"}],"replies":[{"embeddable":true,"href":"https:\/\/areabadalona.com\/diario\/wp-json\/wp\/v2\/comments?post=8782"}],"version-history":[{"count":1,"href":"https:\/\/areabadalona.com\/diario\/wp-json\/wp\/v2\/posts\/8782\/revisions"}],"predecessor-version":[{"id":8784,"href":"https:\/\/areabadalona.com\/diario\/wp-json\/wp\/v2\/posts\/8782\/revisions\/8784"}],"wp:featuredmedia":[{"embeddable":true,"href":"https:\/\/areabadalona.com\/diario\/wp-json\/wp\/v2\/media\/8783"}],"wp:attachment":[{"href":"https:\/\/areabadalona.com\/diario\/wp-json\/wp\/v2\/media?parent=8782"}],"wp:term":[{"taxonomy":"category","embeddable":true,"href":"https:\/\/areabadalona.com\/diario\/wp-json\/wp\/v2\/categories?post=8782"},{"taxonomy":"post_tag","embeddable":true,"href":"https:\/\/areabadalona.com\/diario\/wp-json\/wp\/v2\/tags?post=8782"}],"curies":[{"name":"wp","href":"https:\/\/api.w.org\/{rel}","templated":true}]}}