{"id":8779,"date":"2025-05-08T11:30:41","date_gmt":"2025-05-08T11:30:41","guid":{"rendered":"https:\/\/areabadalona.com\/diario\/?p=8779"},"modified":"2025-05-09T11:31:15","modified_gmt":"2025-05-09T11:31:15","slug":"badalona-se-suma-al-dia-mundial-de-la-fibromialgia-i-altres-sindromes-de-sensibilitzacio-central","status":"publish","type":"post","link":"https:\/\/areabadalona.com\/diario\/2025\/05\/08\/badalona-se-suma-al-dia-mundial-de-la-fibromialgia-i-altres-sindromes-de-sensibilitzacio-central\/","title":{"rendered":"Badalona se suma al Dia Mundial de la Fibromi\u00e0lgia i altres s\u00edndromes de sensibilitzaci\u00f3 central"},"content":{"rendered":"\n<p>Aquest dilluns 12 de maig se celebra el Dia Mundial de la Fibromi\u00e0lgia i la S\u00edndrome de Fatiga Cr\u00f2nica. Per aquest motiu, aquest <strong>divendres 9 de maig, de 9 a 13 hores,<\/strong>&nbsp;l\u2019entitat Badalona Associaci\u00f3 Afectats Fibromi\u00e0lgia (BAAF) instal\u00b7lar\u00e0 <strong>al vest\u00edbul de l\u2019Hospital Municipal de Badalona <\/strong>(carrer de la Via Augusta, 9-13) una taula on es donar\u00e0 informaci\u00f3 sobre com alleugerir el malestar i el dolor que aquestes malalties provoquen tant en l\u2019aspecte f\u00edsic com en el psicol\u00f2gic i com es pot millorar la qualitat de vida de les persones afectades.<\/p>\n\n\n\n<p>Badalona Associaci\u00f3 Afectats Fibromi\u00e0lgia (BAAF), que va iniciar la seva tasca l\u2019any 2005, presta suport a les persones afectades i tamb\u00e9 realitza campanyes de sensibilitzaci\u00f3 i d\u2019informaci\u00f3 a la poblaci\u00f3 en general. Es tracta de donar a con\u00e8ixer quins s\u00f3n els s\u00edmptomes d\u2019aquestes s\u00edndromes, fer saber que poden afectar diferents sistemes del cos i que poden provocar una sensibilitat accentuada davant factors ambientals. Ens trobem davant malalties que poden tenir sovint una evoluci\u00f3 irregular, fent que a vegades les persones afectades no puguin mantenir el seu dia a dia amb normalitat.<\/p>\n\n\n\n<p>L\u2019Ajuntament, com a mostra de comprom\u00eds amb la salut i el benestar de la ciutadania, s\u2019hi suma tamb\u00e9 a la campanya #CatalunyadeBlau de l\u2019Associaci\u00f3 Catalana d\u2019Afectades i Afectats de fibromi\u00e0lgia i d\u2019altres S\u00edndromes de Sensibilitzaci\u00f3 Central i la Plataforma d\u2019FM-SFC-SQM per donar visibilitat a aquestes malalties i teixir una gran xarxa de solidaritat amb les persones afectades. Amb aquest motiu s\u2019il\u00b7luminar\u00e0 de color blau fosc l\u2019edifici de Capitania del Port de Badalona.<\/p>\n\n\n\n<p>La data d&#8217;aquesta celebraci\u00f3 commemora el naixement de la infermera Florence Nightingale, que va patir una malaltia d&#8217;aquestes caracter\u00edstiques als 40 anys d\u2019edat i va passar la resta de la seva vida al llit.<\/p>\n\n\n\n<p>Les s\u00edndromes de sensibilitzaci\u00f3 central s\u00f3n malalties cr\u00f2niques que provoquen un alt impacte en la qualitat de vida. Afecten diferents sistemes del cos i es caracteritzen per una sensibilitat accentuada davant certs factors, com ara medicaments, estr\u00e8s, infeccions, o productes qu\u00edmics, que es mant\u00e9 en el temps malgrat la desaparici\u00f3 de l&#8217;est\u00edmul que l&#8217;ha provocat. Requereixen, a m\u00e9s, d&#8217;un tractament multidisciplinari per a la millora de la salut, l&#8217;autonomia i el benestar de les persones afectades.<\/p>\n","protected":false},"excerpt":{"rendered":"<p>Aquest dilluns 12 de maig se celebra el Dia Mundial de la Fibromi\u00e0lgia i la S\u00edndrome de Fatiga Cr\u00f2nica. Per aquest motiu, aquest divendres 9 de maig, de 9 a 13 hores,&nbsp;l\u2019entitat Badalona Associaci\u00f3 Afectats Fibromi\u00e0lgia (BAAF) instal\u00b7lar\u00e0 al vest\u00edbul de l\u2019Hospital Municipal de Badalona (carrer de la Via Augusta, 9-13) una taula on es [&hellip;]<\/p>\n","protected":false},"author":2,"featured_media":8780,"comment_status":"closed","ping_status":"open","sticky":false,"template":"","format":"standard","meta":{"footnotes":""},"categories":[23],"tags":[],"class_list":{"0":"post-8779","1":"post","2":"type-post","3":"status-publish","4":"format-standard","5":"has-post-thumbnail","7":"category-actualitat"},"_links":{"self":[{"href":"https:\/\/areabadalona.com\/diario\/wp-json\/wp\/v2\/posts\/8779","targetHints":{"allow":["GET"]}}],"collection":[{"href":"https:\/\/areabadalona.com\/diario\/wp-json\/wp\/v2\/posts"}],"about":[{"href":"https:\/\/areabadalona.com\/diario\/wp-json\/wp\/v2\/types\/post"}],"author":[{"embeddable":true,"href":"https:\/\/areabadalona.com\/diario\/wp-json\/wp\/v2\/users\/2"}],"replies":[{"embeddable":true,"href":"https:\/\/areabadalona.com\/diario\/wp-json\/wp\/v2\/comments?post=8779"}],"version-history":[{"count":1,"href":"https:\/\/areabadalona.com\/diario\/wp-json\/wp\/v2\/posts\/8779\/revisions"}],"predecessor-version":[{"id":8781,"href":"https:\/\/areabadalona.com\/diario\/wp-json\/wp\/v2\/posts\/8779\/revisions\/8781"}],"wp:featuredmedia":[{"embeddable":true,"href":"https:\/\/areabadalona.com\/diario\/wp-json\/wp\/v2\/media\/8780"}],"wp:attachment":[{"href":"https:\/\/areabadalona.com\/diario\/wp-json\/wp\/v2\/media?parent=8779"}],"wp:term":[{"taxonomy":"category","embeddable":true,"href":"https:\/\/areabadalona.com\/diario\/wp-json\/wp\/v2\/categories?post=8779"},{"taxonomy":"post_tag","embeddable":true,"href":"https:\/\/areabadalona.com\/diario\/wp-json\/wp\/v2\/tags?post=8779"}],"curies":[{"name":"wp","href":"https:\/\/api.w.org\/{rel}","templated":true}]}}