{"id":8773,"date":"2025-05-08T11:43:12","date_gmt":"2025-05-08T11:43:12","guid":{"rendered":"https:\/\/areabadalona.com\/diario\/?p=8773"},"modified":"2025-05-08T11:43:12","modified_gmt":"2025-05-08T11:43:12","slug":"badalona-suma-aquest-any-una-bandera-blava-mes-gracies-a-la-recuperacio-daquest-reconeixement-a-la-platja-del-pescadors","status":"publish","type":"post","link":"https:\/\/areabadalona.com\/diario\/2025\/05\/08\/badalona-suma-aquest-any-una-bandera-blava-mes-gracies-a-la-recuperacio-daquest-reconeixement-a-la-platja-del-pescadors\/","title":{"rendered":"Badalona suma aquest any una Bandera Blava m\u00e9s, gr\u00e0cies a la recuperaci\u00f3 d\u2019aquest reconeixement a la platja del Pescadors"},"content":{"rendered":"\n<p>Badalona suma aquest any una Bandera Blava m\u00e9s, gr\u00e0cies a la recuperaci\u00f3 d\u2019aquest reconeixement a la platja del Pescadors. Tamb\u00e9 a la platja del Coco \u2014que inclou la platja de l\u2019Estaci\u00f3 i la platja del Pont del Petroli\u2014 i a la platja de la Marina de Badalona onejar\u00e0, un any m\u00e9s, aquesta distinci\u00f3 atorgada per l\u2019Associaci\u00f3 d\u2019Educaci\u00f3 Ambiental i del Consumidor (ADEAC) i la Fundaci\u00f3 per a l\u2019Educaci\u00f3 Ambiental (FEE).<\/p>\n\n\n\n<p>El distintiu Bandera Blava \u00e9s un guard\u00f3 d\u2019abast mundial que reconeix que la platja compleix amb criteris de legalitat, accessibilitat, sanitat, neteja i seguretat, aix\u00ed com que disposa d\u2019informaci\u00f3 i de gesti\u00f3 ambiental adequada. En concret, entre els requisits per poder optar a aquest distintiu destaca l\u2019obligatorietat de disposar d\u2019informaci\u00f3 actualitzada de la qualitat de l\u2019aigua de bany, realitzar activitats relacionades amb la informaci\u00f3 i educaci\u00f3 ambiental, garantir la neteja i la recollida selectiva de residus, donar un servei professional de salvament i socorrisme i que la platja estigui adaptada per a persones amb diversitat funcional, entre d\u2019altres.<\/p>\n\n\n\n<p><strong>Menci\u00f3 especial per les activitats d\u2019Educaci\u00f3 Ambiental<\/strong><\/p>\n\n\n\n<p>Aquest any, a m\u00e9s, el municipi de Badalona ha estat un dels tres municipis que a Espanya ha rebut per part del jurat una Menci\u00f3 especial pel seus esfor\u00e7os en la realitzaci\u00f3 d\u2019activitats d\u2019Educaci\u00f3 Ambiental.<\/p>\n\n\n\n<p>D\u2019altra banda, l\u2019Escola del Mar, Centre d\u2019Estudis Marins de Badalona i l\u2019Escola de Natura Angeleta Ferrer, ubicada a la masia de Can Miravitges tamb\u00e9 s\u2019han tornat a convertir enguany en Centre Bandera Blava com a equipaments oberts al p\u00fablic on es realitzen tasques pedag\u00f2giques per a escoles en mat\u00e8ria d\u2019ecosistemes marins i activitats de difusi\u00f3 ambiental a la ciutadania en general.<\/p>\n\n\n\n<p>Tamb\u00e9 el Port de Badalona ha renovat un any m\u00e9s el distintiu de Bandera Blava, un guard\u00f3 que s\u2019atorga als ports que compleixen uns est\u00e0ndards de bones pr\u00e0ctiques i informaci\u00f3 ambiental, legalitat i bon manteniment de les instal\u00b7lacions i temes de seguretat.&nbsp;<\/p>\n\n\n\n<p>La quarta tinent d\u2019alcaldia i regidora de Medi Ambient S\u00f2nia Egea, s\u2019ha mostrat satisfeta per la menci\u00f3 especial en relaci\u00f3 a l\u2019educaci\u00f3 ambiental i pel fet que les platges badalonines hagin obtingut aquests guardons. \u201cAquetes banderes s\u00f3n un gran reconeixement a la qualitat de les nostres platges. Tant l&#8217;Ajuntament com l&#8217;AMB estem fent esfor\u00e7os perqu\u00e8, malgrat la p\u00e8rdua de sorra, la ciutadania disposi de tots els serveis i accessibilitat necessaris per gaudir de la millor temporada de bany i aix\u00f2 ha donat el seu fruit\u201d, ha manifestat.<\/p>\n","protected":false},"excerpt":{"rendered":"<p>Badalona suma aquest any una Bandera Blava m\u00e9s, gr\u00e0cies a la recuperaci\u00f3 d\u2019aquest reconeixement a la platja del Pescadors. Tamb\u00e9 a la platja del Coco \u2014que inclou la platja de l\u2019Estaci\u00f3 i la platja del Pont del Petroli\u2014 i a la platja de la Marina de Badalona onejar\u00e0, un any m\u00e9s, aquesta distinci\u00f3 atorgada per [&hellip;]<\/p>\n","protected":false},"author":2,"featured_media":8774,"comment_status":"closed","ping_status":"open","sticky":false,"template":"","format":"standard","meta":{"footnotes":""},"categories":[23],"tags":[],"class_list":{"0":"post-8773","1":"post","2":"type-post","3":"status-publish","4":"format-standard","5":"has-post-thumbnail","7":"category-actualitat"},"_links":{"self":[{"href":"https:\/\/areabadalona.com\/diario\/wp-json\/wp\/v2\/posts\/8773","targetHints":{"allow":["GET"]}}],"collection":[{"href":"https:\/\/areabadalona.com\/diario\/wp-json\/wp\/v2\/posts"}],"about":[{"href":"https:\/\/areabadalona.com\/diario\/wp-json\/wp\/v2\/types\/post"}],"author":[{"embeddable":true,"href":"https:\/\/areabadalona.com\/diario\/wp-json\/wp\/v2\/users\/2"}],"replies":[{"embeddable":true,"href":"https:\/\/areabadalona.com\/diario\/wp-json\/wp\/v2\/comments?post=8773"}],"version-history":[{"count":1,"href":"https:\/\/areabadalona.com\/diario\/wp-json\/wp\/v2\/posts\/8773\/revisions"}],"predecessor-version":[{"id":8775,"href":"https:\/\/areabadalona.com\/diario\/wp-json\/wp\/v2\/posts\/8773\/revisions\/8775"}],"wp:featuredmedia":[{"embeddable":true,"href":"https:\/\/areabadalona.com\/diario\/wp-json\/wp\/v2\/media\/8774"}],"wp:attachment":[{"href":"https:\/\/areabadalona.com\/diario\/wp-json\/wp\/v2\/media?parent=8773"}],"wp:term":[{"taxonomy":"category","embeddable":true,"href":"https:\/\/areabadalona.com\/diario\/wp-json\/wp\/v2\/categories?post=8773"},{"taxonomy":"post_tag","embeddable":true,"href":"https:\/\/areabadalona.com\/diario\/wp-json\/wp\/v2\/tags?post=8773"}],"curies":[{"name":"wp","href":"https:\/\/api.w.org\/{rel}","templated":true}]}}