{"id":8770,"date":"2025-05-08T09:53:37","date_gmt":"2025-05-08T09:53:37","guid":{"rendered":"https:\/\/areabadalona.com\/diario\/?p=8770"},"modified":"2025-05-08T09:53:38","modified_gmt":"2025-05-08T09:53:38","slug":"lajuntament-pacificara-lentorn-de-40-centres-escolars-de-badalona","status":"publish","type":"post","link":"https:\/\/areabadalona.com\/diario\/2025\/05\/08\/lajuntament-pacificara-lentorn-de-40-centres-escolars-de-badalona\/","title":{"rendered":"L\u2019Ajuntament pacificar\u00e0 l\u2019entorn de 40 centres escolars de Badalona"},"content":{"rendered":"\n<p>L\u2019Ajuntament de Badalona millorar\u00e0 la seguretat vi\u00e0ria i la senyalitzaci\u00f3 de l\u2019entorn de 40 centres escolars de Badalona. Les obres per aconseguir al voltant dels centres educatius la pacificaci\u00f3 i la protecci\u00f3 del tr\u00e0nsit de vehicles es liciten per import de 189.851 euros.<\/p>\n\n\n\n<p>L\u2019objectiu de les actuacions previstes per a la pacificaci\u00f3 dels entorns escolars \u00e9s reduir i controlar la velocitat dels vehicles que circulen per les vies circumdants i properes als accessos dels diferents centres, de forma que es redueixin substancialment els possibles accidents amb vianants, i si es don\u00e9s algun cas, que les conseq\u00fc\u00e8ncies siguin m\u00e9s lleus.<\/p>\n\n\n\n<p>En general, les actuacions a realitzar en els diferents empla\u00e7aments, un cop analitzats els recorreguts dels usuaris del centre escolar per accedir al mateix, s\u00f3n la instal\u00b7laci\u00f3 de bandes reductores de velocitat, la instal\u00b7laci\u00f3 de coixins berlinesos en aquelles vies on transiten busos i la millora de la senyalitzaci\u00f3, tant vertical com horitzontal, amb la incorporaci\u00f3 de nous senyals termo-pl\u00e0stiques que avisen de l\u2019entorn escolar i la reposici\u00f3 de la senyalitzaci\u00f3 horitzontal convencional amb pintura.<\/p>\n\n\n\n<p>Respecte a les bandes reductores de velocitat modulars existents, aquestes es mantindran quan es trobin en bon estat i no interfereixin amb els nous elements, i en cas que es trobin malmeses per l\u2019\u00fas seran retirades. De la mateixa forma els treballs de senyalitzaci\u00f3 horitzontal, a m\u00e9s d\u2019incloure la pintura dels nous elements d\u2019asfalt a executar, inclouran la reposici\u00f3 de la senyalitzaci\u00f3 horitzontal existent que es trobi ja desgastada pel pas del temps.<\/p>\n\n\n\n<p>La 1a tinenta d\u2019alcaldia de l\u2019Ajuntament de Badalona, Cristina Ag\u00fcera, ha assenyalat que \u201cla licitaci\u00f3 d\u2019aquestes obres \u00e9s un pas endavant per donar resposta a una de les reivindicacions de la comunitat educativa de la nostra ciutat, com \u00e9s poder anar al centre escolar d\u2019una manera segura i amb mesures de protecci\u00f3 per evitar accidents i atropellaments\u201d. \u201cAmb la pacificaci\u00f3 d\u2019aquests entorns escolars farem m\u00e9s segurs aquests espais que s\u00f3n freq\u00fcentats cada dia mat\u00ed i tarda per infants, pares i mares, aix\u00ed com per persones grans que acompanyen els petits, i que tamb\u00e9 necessiten una protecci\u00f3 m\u00e9s gran del tr\u00e0nsit de vehicles\u201d, ha concl\u00f2s Cristina Ag\u00fcera.<\/p>\n\n\n\n<p>Tota l\u2019execuci\u00f3 de les obres es portaran a terme d\u2019acord amb els criteris del Departament de Via P\u00fablica i Mobilitat de l\u2019Ajuntament que valorar\u00e0 la idone\u00eftat de reposici\u00f3 dels diversos elements de seguretat depenent de l\u2019estat existent en el moment de portar a terme les obres o en cas que es vulgui aplicar algun canvi.<\/p>\n\n\n\n<p>Entre les mesures es preveu limitar la velocitat a 20 km\/h en els empla\u00e7aments, per la qual cosa s\u2019instal\u00b7laran BRV (Bandes reductores velocitat) i els anomenats Coixins Berlinesos (CB). Aix\u00ed mateix, tamb\u00e9 s\u2019instal\u00b7laran nous senyals verticals en relaci\u00f3 amb els nous elements que es preveu instal\u00b7lar, i renovar la senyalitzaci\u00f3 general de l\u2019\u00e0mbit m\u00e9s proper als entorns escolars.<\/p>\n\n\n\n<p>Una vegada conclogui el proc\u00e9s de licitaci\u00f3 i s\u2019adjudiquin les obres, el termini previst per a l\u2019execuci\u00f3 de l\u2019actuaci\u00f3 projectada ser\u00e0 de dos mesos.<\/p>\n\n\n\n<p><strong>Relaci\u00f3 dels entorns escolars on es portaran a terme actuacions de pacificaci\u00f3<\/strong><\/p>\n\n\n\n<p>Escola Joan Coret; escola Miguel Hern\u00e1ndez; escola Lola Anglada; escola Salvador Espriu; escola Planas i Casals; escola Bufal\u00e0, EBM Virolet; CEE Can Barriga; escola Joan Llongueras; Institut Escola Llibertat; escola Artur Martorell; escola Jungfrau; col\u00b7legi Maristes Champagnat; col\u00b7legi Jes\u00fas Maria; escola Joan Mir\u00f3; escola Pau Picasso; escola Llorens i Artigas; escola Merc\u00e8 Rodoreda, col\u00b7legi Badalon\u00e8s (prim\u00e0ria); col\u00b7legi Badalon\u00e8s (infantil); escola Gitanjali; Salesians Badalona \/ Sant Dom\u00e8nec Savio; escola Vent\u00f3s Mir; escola Progr\u00e9s; escola Feliu i Vegu\u00e9s; Institut Escola de Badalona (abans Escola Alexandre Gal\u00ed); escola Margarida Xirgu; escola Josep Carner; escola Baldiri Reixac; EBM Nero Nas; escola Maria Ward; col\u00b7legi Ramiro de Maeztu (inf. \u2013 prim); escola Pere de Tera; escola Antoni Botey; escola Rafael Casanova; escola Lestonnac; escola Folch i Torres; CEE Llevant; escola de Natura; escola Badalona Port; escola Les Ci\u00e8ncies<\/p>\n","protected":false},"excerpt":{"rendered":"<p>L\u2019Ajuntament de Badalona millorar\u00e0 la seguretat vi\u00e0ria i la senyalitzaci\u00f3 de l\u2019entorn de 40 centres escolars de Badalona. Les obres per aconseguir al voltant dels centres educatius la pacificaci\u00f3 i la protecci\u00f3 del tr\u00e0nsit de vehicles es liciten per import de 189.851 euros. L\u2019objectiu de les actuacions previstes per a la pacificaci\u00f3 dels entorns escolars [&hellip;]<\/p>\n","protected":false},"author":2,"featured_media":8771,"comment_status":"closed","ping_status":"open","sticky":false,"template":"","format":"standard","meta":{"footnotes":""},"categories":[23],"tags":[],"class_list":{"0":"post-8770","1":"post","2":"type-post","3":"status-publish","4":"format-standard","5":"has-post-thumbnail","7":"category-actualitat"},"_links":{"self":[{"href":"https:\/\/areabadalona.com\/diario\/wp-json\/wp\/v2\/posts\/8770","targetHints":{"allow":["GET"]}}],"collection":[{"href":"https:\/\/areabadalona.com\/diario\/wp-json\/wp\/v2\/posts"}],"about":[{"href":"https:\/\/areabadalona.com\/diario\/wp-json\/wp\/v2\/types\/post"}],"author":[{"embeddable":true,"href":"https:\/\/areabadalona.com\/diario\/wp-json\/wp\/v2\/users\/2"}],"replies":[{"embeddable":true,"href":"https:\/\/areabadalona.com\/diario\/wp-json\/wp\/v2\/comments?post=8770"}],"version-history":[{"count":1,"href":"https:\/\/areabadalona.com\/diario\/wp-json\/wp\/v2\/posts\/8770\/revisions"}],"predecessor-version":[{"id":8772,"href":"https:\/\/areabadalona.com\/diario\/wp-json\/wp\/v2\/posts\/8770\/revisions\/8772"}],"wp:featuredmedia":[{"embeddable":true,"href":"https:\/\/areabadalona.com\/diario\/wp-json\/wp\/v2\/media\/8771"}],"wp:attachment":[{"href":"https:\/\/areabadalona.com\/diario\/wp-json\/wp\/v2\/media?parent=8770"}],"wp:term":[{"taxonomy":"category","embeddable":true,"href":"https:\/\/areabadalona.com\/diario\/wp-json\/wp\/v2\/categories?post=8770"},{"taxonomy":"post_tag","embeddable":true,"href":"https:\/\/areabadalona.com\/diario\/wp-json\/wp\/v2\/tags?post=8770"}],"curies":[{"name":"wp","href":"https:\/\/api.w.org\/{rel}","templated":true}]}}