{"id":8767,"date":"2025-05-07T10:27:29","date_gmt":"2025-05-07T10:27:29","guid":{"rendered":"https:\/\/areabadalona.com\/diario\/?p=8767"},"modified":"2025-05-07T10:27:30","modified_gmt":"2025-05-07T10:27:30","slug":"lalcalde-de-badalona-sha-reunit-aquesta-tarda-amb-el-president-de-la-generalitat-a-qui-ha-ofert-sol-per-construir-uns-nous-jutjats-i-per-portar-al-centre-de-la-ciutat-les-consultes","status":"publish","type":"post","link":"https:\/\/areabadalona.com\/diario\/2025\/05\/07\/lalcalde-de-badalona-sha-reunit-aquesta-tarda-amb-el-president-de-la-generalitat-a-qui-ha-ofert-sol-per-construir-uns-nous-jutjats-i-per-portar-al-centre-de-la-ciutat-les-consultes\/","title":{"rendered":"L\u2019alcalde de Badalona s\u2019ha reunit aquesta tarda amb el president de la Generalitat, a qui ha ofert s\u00f2l per construir uns nous jutjats i per portar al centre de la ciutat les consultes externes de Can Ruti"},"content":{"rendered":"\n<p>L\u2019alcalde de Badalona, Xavier Garcia Albiol, s\u2019ha reunit aquesta tarda amb el president de la Generalitat de Catalunya, Salvador Illa, al Palau de la Generalitat, en una trobada institucional en la qual l\u2019alcalde ha fet un oferiment al president perqu\u00e8 la Generalitat pugui disposar de s\u00f2l al centre de la ciutat per construir uns nous jutjats i ubicar-hi les consultes externes de l\u2019Hospital Germans Trias i Pujol.<\/p>\n\n\n\n<p>En concret, l\u2019oferiment que ha fet l\u2019alcalde \u00e9s de 10.000 metres d\u2019edificabilitat per a la construcci\u00f3 dels nous jutjats i de 12.000 per portar les consultes externes de l\u2019hospital al centre de la ciutat, un canvi que suposaria una millora significativa i un gran impacte en el dia a dia de la ciutadania per la major comoditat d\u2019acc\u00e9s.<\/p>\n\n\n\n<p>En la reuni\u00f3 amb el president Salvador Illa, Xavier Garcia Albiol ha exposat tamb\u00e9 altres q\u00fcestions que considera priorit\u00e0ries per al futur de Badalona i que requereixen la implicaci\u00f3 i el suport del Govern de la Generalitat, com ara la necessitat de reprendre la q\u00fcesti\u00f3 de la transformaci\u00f3 de la C-31 al seu pas per Badalona, i la urbanitzaci\u00f3 del lateral de l\u2019autopista entre els carrers Coll i Pujol i la rambla de Sant Joan. L\u2019Ajuntament demana que la Generalitat prevegi una partida pressupost\u00e0ria i la redacci\u00f3 del projecte dels laterals en aquest tram de cara al 2027, per quan les actuacions pr\u00e8vies de l\u2019Ajuntament estiguin enllestides.<\/p>\n\n\n\n<p>L\u2019alcalde tamb\u00e9 ha demanat al president que s\u2019accelerin al m\u00e0xim els tr\u00e0mits per a la remodelaci\u00f3 de l\u2019antiga escola Lola Anglada, on s\u2019ha d\u2019ubicar l\u2019Institut La Riera, que actualment funciona en m\u00f2duls provisionals i a l\u2019edifici municipal de El Carme.<\/p>\n\n\n\n<p>L\u2019alcalde de Badalona ha valorat positivament el to cordial de la reuni\u00f3. \u201c<a>Hem sabut deixar de costat les difer\u00e8ncies ideol\u00f2giques per centrar-nos en aquelles accions de millora de la ciutat que podem fer de forma conjunta Ajuntament i Generalitat<\/a>\u201d, ha explicat. L\u2019alcalde ha traslladat al president com a q\u00fcestions m\u00e9s urgents, \u201cla necessitat d\u2019accelerar l\u2019\u00faltim tram dels laterals de la C-31 a l\u2019al\u00e7ada del barri de Sant Crist, la construcci\u00f3 de l\u2019institut La Riera i dels nous jutjats, aix\u00ed com el trasllat de les consultes externes de l\u2019Hospital Germans Trias i Pujol al centre de la ciutat\u201d. En refer\u00e8ncia als projectes dels nous jutjats i de les consultes externes, l\u2019alcalde ha explicat que, si hi ha l\u2019acord, l\u2019Ajuntament est\u00e0 en condicions de tirar endavant en els pr\u00f2xims mesos l\u2019aprovaci\u00f3 inicial de modificaci\u00f3 del Pla General Metropolit\u00e0.<\/p>\n","protected":false},"excerpt":{"rendered":"<p>L\u2019alcalde de Badalona, Xavier Garcia Albiol, s\u2019ha reunit aquesta tarda amb el president de la Generalitat de Catalunya, Salvador Illa, al Palau de la Generalitat, en una trobada institucional en la qual l\u2019alcalde ha fet un oferiment al president perqu\u00e8 la Generalitat pugui disposar de s\u00f2l al centre de la ciutat per construir uns nous [&hellip;]<\/p>\n","protected":false},"author":2,"featured_media":8768,"comment_status":"closed","ping_status":"open","sticky":false,"template":"","format":"standard","meta":{"footnotes":""},"categories":[23],"tags":[],"class_list":{"0":"post-8767","1":"post","2":"type-post","3":"status-publish","4":"format-standard","5":"has-post-thumbnail","7":"category-actualitat"},"_links":{"self":[{"href":"https:\/\/areabadalona.com\/diario\/wp-json\/wp\/v2\/posts\/8767","targetHints":{"allow":["GET"]}}],"collection":[{"href":"https:\/\/areabadalona.com\/diario\/wp-json\/wp\/v2\/posts"}],"about":[{"href":"https:\/\/areabadalona.com\/diario\/wp-json\/wp\/v2\/types\/post"}],"author":[{"embeddable":true,"href":"https:\/\/areabadalona.com\/diario\/wp-json\/wp\/v2\/users\/2"}],"replies":[{"embeddable":true,"href":"https:\/\/areabadalona.com\/diario\/wp-json\/wp\/v2\/comments?post=8767"}],"version-history":[{"count":1,"href":"https:\/\/areabadalona.com\/diario\/wp-json\/wp\/v2\/posts\/8767\/revisions"}],"predecessor-version":[{"id":8769,"href":"https:\/\/areabadalona.com\/diario\/wp-json\/wp\/v2\/posts\/8767\/revisions\/8769"}],"wp:featuredmedia":[{"embeddable":true,"href":"https:\/\/areabadalona.com\/diario\/wp-json\/wp\/v2\/media\/8768"}],"wp:attachment":[{"href":"https:\/\/areabadalona.com\/diario\/wp-json\/wp\/v2\/media?parent=8767"}],"wp:term":[{"taxonomy":"category","embeddable":true,"href":"https:\/\/areabadalona.com\/diario\/wp-json\/wp\/v2\/categories?post=8767"},{"taxonomy":"post_tag","embeddable":true,"href":"https:\/\/areabadalona.com\/diario\/wp-json\/wp\/v2\/tags?post=8767"}],"curies":[{"name":"wp","href":"https:\/\/api.w.org\/{rel}","templated":true}]}}