{"id":8764,"date":"2025-05-07T10:19:37","date_gmt":"2025-05-07T10:19:37","guid":{"rendered":"https:\/\/areabadalona.com\/diario\/?p=8764"},"modified":"2025-05-07T10:19:38","modified_gmt":"2025-05-07T10:19:38","slug":"110-persones-dormen-al-carrer-segons-el-cinque-recompte-de-persones-sense-llar-a-badalona","status":"publish","type":"post","link":"https:\/\/areabadalona.com\/diario\/2025\/05\/07\/110-persones-dormen-al-carrer-segons-el-cinque-recompte-de-persones-sense-llar-a-badalona\/","title":{"rendered":"110 persones dormen al carrer segons el Cinqu\u00e8 Recompte de Persones Sense Llar a Badalona"},"content":{"rendered":"\n<p>El Cinqu\u00e8 Recompte de Persones Sense Llar a Badalona localitza <strong>110 persones dormint a la via p\u00fablica la nit del 6 al 7 de maig de 2025<\/strong> (62 homes, 7 dones i 41 que no s\u2019han pogut identificar). Tot i que ha plogut i aix\u00f2 fa que el nombre de persones visibles al carrer pugui ser inferior a altres nits, aquesta xifra posa en relleu la tend\u00e8ncia creixent any rere any, des que es va realitzar el primer Recompte a Badalona l\u2019any 2016, quan es van comptar 39 persones dormint al carrer.<\/p>\n\n\n\n<p>A la xifra de les 110 persones dormint al carrer <strong>s\u2019han de sumar les 214 persones<\/strong>, 151 homes i 63 dones, <strong>que han passat la nit a recursos d\u2019entitats socials de la Taula Sense Llar de Badalona<\/strong> (centre d\u2019acollida i pisos), m\u00e9s del doble respecte el recompte anterior. Tamb\u00e9 cal tenir en compte que 833 persones (346 homes i 487 dones) estan rebent suport econ\u00f2mic i acompanyament d\u2019entitats per poder pagar una habitaci\u00f3.&nbsp;Aix\u00ed mateix, es comptabilitzen <strong>291 persones que viuen en habitatges inadequats<\/strong> (com assentaments<strong>), segons dades<\/strong> facilitades per <strong>l\u2019Ajuntament<\/strong> de la ciutat (253 homes i 38 dones). A m\u00e9s, l\u2019Ajuntament tamb\u00e9 ha informat de la xifra de 117 persones que els hi consta que dormen al carrer (93 homes, 15 dones i 9 persones no identificades).<\/p>\n\n\n\n<p>Des de la mitjanit, i fins al voltant de les 2 de la matinada, <strong>207 persones volunt\u00e0ries<\/strong>, el nombre m\u00e9s alt de persones inscrites des que s\u2019organitza el recompte i malgrat la pluja, han recorregut tots els carrers i espais de la ciutat de Badalona, distribu\u00efdes en 17 grups. Aquest any, a m\u00e9s de membres d\u2019entitats i els seus voluntaris\/\u00e0ries, s\u2019ha sumat l\u2019alumnat de l\u2019escola Bet\u00falia, persones usu\u00e0ries dels diferents recursos i membres d\u2019associacions de ve\u00efns i ve\u00efnes.<\/p>\n\n\n\n<p>Enguany s\u2019ha tornat a celebrar la trobada presencial del voluntariat pr\u00e8via al Recompte a la masia de Can Ban\u00fas, on s\u2019han pogut donar les \u00faltimes indicacions abans de comen\u00e7ar.<\/p>\n\n\n\n<p><strong>Una evoluci\u00f3 que preocupa<\/strong><\/p>\n\n\n\n<p>Des del primer Recompte l\u2019any 2016, amb 39 persones dormint al carrer, les xifres no han deixat de cr\u00e9ixer:<\/p>\n\n\n\n<ul class=\"wp-block-list\">\n<li><strong>2016:<\/strong> 39 persones al carrer<\/li>\n\n\n\n<li><strong>2018:<\/strong> 57 persones al carrer \/ 172 en recursos<\/li>\n\n\n\n<li><strong>2021:<\/strong> 48 persones al carrer \/ 299 en recursos i assentaments<\/li>\n\n\n\n<li><strong>2023:<\/strong> 90 persones al carrer \/ 135 en recursos i 237 en habitatges inadequats.<\/li>\n\n\n\n<li><strong>2025:<\/strong> 110 persones al carrer \/ 214 en recursos i 291en habitatges inadequats.<\/li>\n<\/ul>\n\n\n\n<p>Aquest increment es veu agreujat per factors com el <strong>tancament de Can Bof\u00ed Vell<\/strong>, l\u2019augment de l\u2019exclusi\u00f3 social i les dificultats d\u2019acc\u00e9s a l\u2019habitatge.<\/p>\n\n\n\n<p>El Recompte \u00e9s un sistema avalat amb 20 anys d\u2019hist\u00f2ria a altres pa\u00efsos del m\u00f3n. Es tracta d\u2019un recompte quantitatiu amb el qual s\u2019obt\u00e9 la fotografia del nombre de persones sense llar en una nit determinada per, d\u2019una banda, fer visible i sensibilitzar la ciutadania sobre aquesta problem\u00e0tica i, d\u2019altra, incidir el disseny d\u2019unes pol\u00edtiques d\u2019actuaci\u00f3 i atenci\u00f3 m\u00e9s acurades a la realitat de la ciutat.<\/p>\n\n\n\n<p><strong>Esfor\u00e7 de les entitats per oferir m\u00e9s pisos<\/strong><\/p>\n\n\n\n<p>Tot i l\u2019augment a la ciutat del nombre de places a pisos d\u2019inserci\u00f3 social, de 50 places el 2023 a 187 al 2025, aportades per entitats socials, el sensellarisme \u00e9s un fenomen que requereix un abordatge des de les pol\u00edtiques p\u00fabliques amb la implicaci\u00f3 de les administracions.<\/p>\n\n\n\n<p>Despr\u00e9s de cinc recomptes a la ciutat, aquesta acci\u00f3 es consolida com una eina de sensibilitzaci\u00f3 de la ciutadania, visibilitzaci\u00f3 de la realitat social de les persones que dormen al carrer i tamb\u00e9 un instrument per explicar la tasca que realitza la Taula Sense Llar de Badalona, que es torna a refermar en el seu comprom\u00eds de millorar l\u2019atenci\u00f3 a persones sense llars i de col\u00b7laborar amb les administracions per un abordatge m\u00e9s integral.<\/p>\n\n\n\n<p><strong>La Taula Sense Llar de Badalona<\/strong><\/p>\n\n\n\n<p>La Taula Sense Llar de Badalona es va crear l\u2019any 2017 i actualment formen part d\u2019ella la Fundaci\u00f3 Llegat Roca i Pi, C\u00e0ritas Diocesana de Barcelona, la Fundaci\u00f3 Acollida i Esperan\u00e7a, Creu Roja del Barcelon\u00e8s Nord, la Fundaci\u00f3 Mambr\u00e9, Sant Joan de D\u00e9u Serveis Socials, Asaupam i la Fundaci\u00f3 Formaci\u00f3 i Treball.<\/p>\n","protected":false},"excerpt":{"rendered":"<p>El Cinqu\u00e8 Recompte de Persones Sense Llar a Badalona localitza 110 persones dormint a la via p\u00fablica la nit del 6 al 7 de maig de 2025 (62 homes, 7 dones i 41 que no s\u2019han pogut identificar). Tot i que ha plogut i aix\u00f2 fa que el nombre de persones visibles al carrer pugui [&hellip;]<\/p>\n","protected":false},"author":2,"featured_media":8765,"comment_status":"closed","ping_status":"open","sticky":false,"template":"","format":"standard","meta":{"footnotes":""},"categories":[23],"tags":[],"class_list":{"0":"post-8764","1":"post","2":"type-post","3":"status-publish","4":"format-standard","5":"has-post-thumbnail","7":"category-actualitat"},"_links":{"self":[{"href":"https:\/\/areabadalona.com\/diario\/wp-json\/wp\/v2\/posts\/8764","targetHints":{"allow":["GET"]}}],"collection":[{"href":"https:\/\/areabadalona.com\/diario\/wp-json\/wp\/v2\/posts"}],"about":[{"href":"https:\/\/areabadalona.com\/diario\/wp-json\/wp\/v2\/types\/post"}],"author":[{"embeddable":true,"href":"https:\/\/areabadalona.com\/diario\/wp-json\/wp\/v2\/users\/2"}],"replies":[{"embeddable":true,"href":"https:\/\/areabadalona.com\/diario\/wp-json\/wp\/v2\/comments?post=8764"}],"version-history":[{"count":1,"href":"https:\/\/areabadalona.com\/diario\/wp-json\/wp\/v2\/posts\/8764\/revisions"}],"predecessor-version":[{"id":8766,"href":"https:\/\/areabadalona.com\/diario\/wp-json\/wp\/v2\/posts\/8764\/revisions\/8766"}],"wp:featuredmedia":[{"embeddable":true,"href":"https:\/\/areabadalona.com\/diario\/wp-json\/wp\/v2\/media\/8765"}],"wp:attachment":[{"href":"https:\/\/areabadalona.com\/diario\/wp-json\/wp\/v2\/media?parent=8764"}],"wp:term":[{"taxonomy":"category","embeddable":true,"href":"https:\/\/areabadalona.com\/diario\/wp-json\/wp\/v2\/categories?post=8764"},{"taxonomy":"post_tag","embeddable":true,"href":"https:\/\/areabadalona.com\/diario\/wp-json\/wp\/v2\/tags?post=8764"}],"curies":[{"name":"wp","href":"https:\/\/api.w.org\/{rel}","templated":true}]}}