{"id":8762,"date":"2025-04-29T11:39:12","date_gmt":"2025-04-29T11:39:12","guid":{"rendered":"https:\/\/areabadalona.com\/diario\/?p=8762"},"modified":"2025-05-06T11:41:06","modified_gmt":"2025-05-06T11:41:06","slug":"area-badalona-134-abril-2025","status":"publish","type":"post","link":"https:\/\/areabadalona.com\/diario\/2025\/04\/29\/area-badalona-134-abril-2025\/","title":{"rendered":"\u00c0rea Badalona 134 Abril 2025"},"content":{"rendered":"\n<p>En aquest n\u00famero de l&#8217;\u00c0rea Badalona avancem la programaci\u00f3 de les Festes de Maig, a m\u00e9s d&#8217;altres not\u00edcies com el recompte de persones sense llar o el torneig de b\u00e0squet que portar\u00e0 un partit espectacular entre les seleccions espanyola i francesa el proper mes d&#8217;agost.<\/p>\n\n\n<a href=\"https:\/\/areabadalona.com\/diario\/wp-content\/uploads\/2025\/05\/AREABADALONA0134.pdf\" class=\"pdfemb-viewer\" style=\"\" data-width=\"max\" data-height=\"max\" data-toolbar=\"bottom\" data-toolbar-fixed=\"off\">AREABADALONA0134<\/a>","protected":false},"excerpt":{"rendered":"<p>En aquest n\u00famero de l&#8217;\u00c0rea Badalona avancem la programaci\u00f3 de les Festes de Maig, a m\u00e9s d&#8217;altres not\u00edcies com el recompte de persones sense llar o el torneig de b\u00e0squet que portar\u00e0 un partit espectacular entre les seleccions espanyola i francesa el proper mes d&#8217;agost.<\/p>\n","protected":false},"author":1,"featured_media":8761,"comment_status":"closed","ping_status":"open","sticky":false,"template":"","format":"standard","meta":{"footnotes":""},"categories":[30],"tags":[],"class_list":{"0":"post-8762","1":"post","2":"type-post","3":"status-publish","4":"format-standard","5":"has-post-thumbnail","7":"category-edicio-impresa"},"_links":{"self":[{"href":"https:\/\/areabadalona.com\/diario\/wp-json\/wp\/v2\/posts\/8762","targetHints":{"allow":["GET"]}}],"collection":[{"href":"https:\/\/areabadalona.com\/diario\/wp-json\/wp\/v2\/posts"}],"about":[{"href":"https:\/\/areabadalona.com\/diario\/wp-json\/wp\/v2\/types\/post"}],"author":[{"embeddable":true,"href":"https:\/\/areabadalona.com\/diario\/wp-json\/wp\/v2\/users\/1"}],"replies":[{"embeddable":true,"href":"https:\/\/areabadalona.com\/diario\/wp-json\/wp\/v2\/comments?post=8762"}],"version-history":[{"count":1,"href":"https:\/\/areabadalona.com\/diario\/wp-json\/wp\/v2\/posts\/8762\/revisions"}],"predecessor-version":[{"id":8763,"href":"https:\/\/areabadalona.com\/diario\/wp-json\/wp\/v2\/posts\/8762\/revisions\/8763"}],"wp:featuredmedia":[{"embeddable":true,"href":"https:\/\/areabadalona.com\/diario\/wp-json\/wp\/v2\/media\/8761"}],"wp:attachment":[{"href":"https:\/\/areabadalona.com\/diario\/wp-json\/wp\/v2\/media?parent=8762"}],"wp:term":[{"taxonomy":"category","embeddable":true,"href":"https:\/\/areabadalona.com\/diario\/wp-json\/wp\/v2\/categories?post=8762"},{"taxonomy":"post_tag","embeddable":true,"href":"https:\/\/areabadalona.com\/diario\/wp-json\/wp\/v2\/tags?post=8762"}],"curies":[{"name":"wp","href":"https:\/\/api.w.org\/{rel}","templated":true}]}}