{"id":8754,"date":"2025-05-06T09:17:47","date_gmt":"2025-05-06T09:17:47","guid":{"rendered":"https:\/\/areabadalona.com\/diario\/?p=8754"},"modified":"2025-05-06T09:17:48","modified_gmt":"2025-05-06T09:17:48","slug":"comencen-els-treballs-per-instal%c2%b7lar-les-noves-rampes-del-carrer-cuba-molt-reclamades-pels-veins-del-barri-de-sant-crist","status":"publish","type":"post","link":"https:\/\/areabadalona.com\/diario\/2025\/05\/06\/comencen-els-treballs-per-instal%c2%b7lar-les-noves-rampes-del-carrer-cuba-molt-reclamades-pels-veins-del-barri-de-sant-crist\/","title":{"rendered":"Comencen els treballs per instal\u00b7lar les noves rampes del carrer Cuba, molt reclamades pels ve\u00efns del barri de Sant Crist"},"content":{"rendered":"\n<p>S\u2019han iniciat al barri de Sant Crist de Badalona els treballs per a la instal\u00b7laci\u00f3 de les noves rampes del carrer Cuba, en substituci\u00f3 de les rampes anteriors, que havien quedat inutilitzades per manca de manteniment. Les noves rampes, que donaran servei a centenars de ve\u00efns i ve\u00efnes cada dia, seran de nova generaci\u00f3, adaptades a la normativa vigent i amb millores significatives pel que fa al confort i l\u2019amplada del pas.<\/p>\n\n\n\n<p>&nbsp;Les obres que ara han comen\u00e7at inclouen el desmuntatge de les actuals rampes, l\u2019enderroc dels fossars de formig\u00f3 armat existents i refer l\u2019obra per deixar-la adaptada a les noves rampes, que s\u00f3n m\u00e9s llargues i m\u00e9s amples. A m\u00e9s, s\u2019instal\u00b7lar\u00e0 un sistema de videovigil\u00e0ncia connectat amb un centre de control que permetr\u00e0 supervisar el funcionament de les rampes en temps real les 24 hores del dia durant tot l\u2019any. Mitjan\u00e7ant aquest sistema, es realitzar\u00e0 &nbsp;la vigil\u00e0ncia i control remot de les rampes i s\u2019avisar\u00e0 als cossos de seguretat i al personal de l\u2019Ajuntament en cas de detectar-se un funcionament an\u00f2mal de la instal\u00b7laci\u00f3.<\/p>\n\n\n\n<p>&nbsp;El cost total del projecte \u00e9s de 716.497,42 euros (IVA incl\u00f2s), i inclou la redacci\u00f3 del projecte t\u00e8cnic, l\u2019execuci\u00f3 de les obres i la instal\u00b7laci\u00f3 de les rampes, aix\u00ed com el seu manteniment i vigil\u00e0ncia. Les obres ja han comen\u00e7at i est\u00e0 previst que finalitzin a finals de juliol o principis d\u2019agost, sempre que les condicions meteorol\u00f2giques i t\u00e8cniques ho permetin.<\/p>\n\n\n\n<p>&nbsp;L\u2019alcalde de Badalona, Xavier Garcia Albiol, ha visitat avui l\u2019inici dels treballs i ha afirmat que l\u2019Ajuntament tenia un deute pendent amb Sant Crist, \u201cun barri que ha estat oblidat en els darrers anys i on no s\u2019ha invertit el que era necessari\u201d. \u201cTal com em vaig comprometre el seu dia, posar aquestes rampes en funcionament era una inversi\u00f3 urgent que calia realitzar a Sant Crist des del punt de vista de la mobilitat i des d\u2019un punt de vista simb\u00f2lic, en relaci\u00f3 amb la atenci\u00f3 que el barri torna a tenir per part de l\u2019Ajuntament. La substituci\u00f3 de les rampes no ser\u00e0 l\u2019\u00fanica inversi\u00f3 que es far\u00e0 en aquest barri\u201d, &nbsp;ha afirmat l\u2019alcalde.<\/p>\n\n\n\n<p>&nbsp;Garcia Albiol ha lamentat els \u201cquatre anys de pen\u00faries que han hagut de patir els ve\u00efns\u201d mentre les rampes han estat espatllades i ha fet refer\u00e8ncia al fet que s\u2019espatllessin per la falta de manteniment fins a ser irreparables.&nbsp; \u201cLa situaci\u00f3 que s\u2019ha viscut amb les rampes del carrer Cuba \u00e9s l\u2019exemple de la degradaci\u00f3 que han patit tots els barris de la ciutat en els darrers anys, de manca d\u2019inversi\u00f3, de manteniment i d\u2019atenci\u00f3\u201d, ha assenyalat. \u201cTot aix\u00f2 ja s\u2019ha comen\u00e7at a revertir i la meva voluntat \u00e9s continuar treballant, especialment en barris que tenen aquesta problem\u00e0tica des del punt de vista de l\u2019orografia, i que en els pr\u00f2xims mesos comencin tamb\u00e9 les obres de les rampes del carrer Juan Valera a Llefi\u00e0\u201d, ha explicat. L\u2019alcalde tamb\u00e9 ha afegit que abans que finalitzi aquest mandat o en el seg\u00fcent tamb\u00e9 planeja instal\u00b7lar rampes al barri de Lloreda, en zones on tamb\u00e9 hi ha desnivells importants.<\/p>\n","protected":false},"excerpt":{"rendered":"<p>S\u2019han iniciat al barri de Sant Crist de Badalona els treballs per a la instal\u00b7laci\u00f3 de les noves rampes del carrer Cuba, en substituci\u00f3 de les rampes anteriors, que havien quedat inutilitzades per manca de manteniment. Les noves rampes, que donaran servei a centenars de ve\u00efns i ve\u00efnes cada dia, seran de nova generaci\u00f3, adaptades [&hellip;]<\/p>\n","protected":false},"author":2,"featured_media":8755,"comment_status":"closed","ping_status":"open","sticky":false,"template":"","format":"standard","meta":{"footnotes":""},"categories":[23],"tags":[],"class_list":{"0":"post-8754","1":"post","2":"type-post","3":"status-publish","4":"format-standard","5":"has-post-thumbnail","7":"category-actualitat"},"_links":{"self":[{"href":"https:\/\/areabadalona.com\/diario\/wp-json\/wp\/v2\/posts\/8754","targetHints":{"allow":["GET"]}}],"collection":[{"href":"https:\/\/areabadalona.com\/diario\/wp-json\/wp\/v2\/posts"}],"about":[{"href":"https:\/\/areabadalona.com\/diario\/wp-json\/wp\/v2\/types\/post"}],"author":[{"embeddable":true,"href":"https:\/\/areabadalona.com\/diario\/wp-json\/wp\/v2\/users\/2"}],"replies":[{"embeddable":true,"href":"https:\/\/areabadalona.com\/diario\/wp-json\/wp\/v2\/comments?post=8754"}],"version-history":[{"count":1,"href":"https:\/\/areabadalona.com\/diario\/wp-json\/wp\/v2\/posts\/8754\/revisions"}],"predecessor-version":[{"id":8756,"href":"https:\/\/areabadalona.com\/diario\/wp-json\/wp\/v2\/posts\/8754\/revisions\/8756"}],"wp:featuredmedia":[{"embeddable":true,"href":"https:\/\/areabadalona.com\/diario\/wp-json\/wp\/v2\/media\/8755"}],"wp:attachment":[{"href":"https:\/\/areabadalona.com\/diario\/wp-json\/wp\/v2\/media?parent=8754"}],"wp:term":[{"taxonomy":"category","embeddable":true,"href":"https:\/\/areabadalona.com\/diario\/wp-json\/wp\/v2\/categories?post=8754"},{"taxonomy":"post_tag","embeddable":true,"href":"https:\/\/areabadalona.com\/diario\/wp-json\/wp\/v2\/tags?post=8754"}],"curies":[{"name":"wp","href":"https:\/\/api.w.org\/{rel}","templated":true}]}}