{"id":8709,"date":"2025-04-28T07:52:23","date_gmt":"2025-04-28T07:52:23","guid":{"rendered":"https:\/\/areabadalona.com\/diario\/?p=8709"},"modified":"2025-04-28T07:52:24","modified_gmt":"2025-04-28T07:52:24","slug":"500-drons-il%c2%b7luminaran-el-cel-de-badalona-en-un-espectacle-de-llum-i-so-en-la-nit-mes-magica-de-les-festes-de-maig","status":"publish","type":"post","link":"https:\/\/areabadalona.com\/diario\/2025\/04\/28\/500-drons-il%c2%b7luminaran-el-cel-de-badalona-en-un-espectacle-de-llum-i-so-en-la-nit-mes-magica-de-les-festes-de-maig\/","title":{"rendered":"500 drons il\u00b7luminaran el cel de Badalona en un espectacle de llum i so en la nit m\u00e9s m\u00e0gica de les Festes de Maig"},"content":{"rendered":"\n<p>La tecnologia i la llum tornaran a ser protagonistes aquest any en l\u2019acte central de les Festes de Maig amb un espectacle amb 500 drons que representaran figures de llum al cel acompanyades de m\u00fasica. Aquest espectacle es far\u00e0 el vespre del 10 de maig, vig\u00edlia de Sant Anastasi, abans del piromusical i de la Cremada del Dimoni, l\u2019acte m\u00e9s emblem\u00e0tic de les Festes. &nbsp;L\u2019espectacle de drons es va incorporar per primera vegada l\u2019any passat al programa i aquest any creix de manera molt notable, passant de 200 a 500 drons que explicaran un relat a trav\u00e9s de la figura d\u2019un \u00e9sser hum\u00e0 que passejar\u00e0 pels s\u00edmbols de la hist\u00f2ria de Badalona.<\/p>\n\n\n\n<p>A m\u00e9s dels actes de cultura popular tradicional, la programaci\u00f3 de les Festes de Maig consolida una variada oferta musical amb el Concert de Festes amb artistes com el badalon\u00ed Edu Esteve, Omar Montes, Roger Mas, Doctor Prats, Nena Daconte o Ramonc\u00edn, en escenaris com el passeig Mar\u00edtim i la pla\u00e7a del President Tarradellas.<\/p>\n\n\n\n<p>La primera tinent d\u2019alcalde de l\u2019Ajuntament de Badalona, Cristina Ag\u00fcera, i la regidora de Cultura i Educaci\u00f3, Vanesa Gonz\u00e1lez, han presentat avui la programaci\u00f3 de les Festes de Maig 2025 en una roda de premsa en la qual han destacat la qualitat de la programaci\u00f3 i han assenyalat que els badalonins mereixen una programaci\u00f3 festiva que estigui a l\u2019altura. \u201cAquesta edici\u00f3 de les Festes de Maig 2025 ho demostra perqu\u00e8 inclou un programa ambici\u00f3s, divers, de qualitat, amb una programaci\u00f3 musical molt potent i pensat per a tothom\u201d, ha explicat Cristina Ag\u00fcera.<\/p>\n\n\n\n<p>La primera tinent d\u2019alcalde ha destacat tamb\u00e9 com a novetat l\u2019anomenat <em>Aparador Esc\u00e8nic<\/em>, \u201cun programa amb espectacles de circ, dansa, teatre i m\u00fasica en viu que arribar\u00e0 a tots els districtes de la ciutat, al voltant dels centres c\u00edvics, amb la voluntat de descentralitzar la festa i fer-la arribar a tots els racons de Badalona\u201d. Aquest programa tindr\u00e0 lloc els dies 9,16 i 23 de maig i finalitzar\u00e0 el dia 25 amb un dia de programaci\u00f3 inclusiva que es far\u00e0 a l\u2019Escorxador.<\/p>\n\n\n\n<p><strong>El dimoni \u201cEl voluntari m\u00e9s endimoniat\u201d<\/strong><\/p>\n\n\n\n<p>El tret de sortida ofici\u00f3s de les Festes de Maig tindr\u00e0 lloc el pr\u00f2xim dijous, 1 de maig, amb la plantada del Dimoni a la platja dels Pescadors, on la figura del dimoni \u201cEl voluntari m\u00e9s endimoniat\u201d podr\u00e0 ser visitada per grans i petits fins al 10 de maig. El Dimoni d\u2019enguany \u00e9s un reconeixement de la solidaritat de les nombroses entitats i voluntaris que es van mobilitzar per fer front a l\u2019emerg\u00e8ncia provocada per la Dana a la ciutat de Val\u00e8ncia. El seu disseny \u00e9s de Jason S\u00e1nchez, guanyador 26\u00e8 Premi de Disseny del Dimoni de Badalona. La construcci\u00f3 \u00e9s obra de Carles Piera, artista pl\u00e0stic que es dedica a la realitzaci\u00f3 d\u2019escenografies.<\/p>\n\n\n\n<p><strong>Preg\u00f3 de Dani Moreno, \u201cEl Gallo\u201d i inici de les Festes<\/strong><\/p>\n\n\n\n<p>El divendres, 2 de maig, a les 19 hores a la pla\u00e7a de la Vila tindr\u00e0 lloc el preg\u00f3 de festes a c\u00e0rrec del locutor musical Dani Moreno \u201cEl Gallo\u201d que triomfa amb el programa \u201cAnda ya\u201d a los Los40, el programa de r\u00e0dio musical m\u00e9s escoltat cada mat\u00ed (prop de 2 milions d\u2019oients diaris segons l\u2019EGM).<\/p>\n\n\n\n<p>Dani Moreno, \u201cEl Gallo\u201d, va n\u00e9ixer, va estudiar, es va casar i va comen\u00e7ar la seva vida professional a la r\u00e0dio a Badalona. Ho va fer en una emissora local de Llefi\u00e0 i, 35 anys despr\u00e9s, ha estat guardonat amb dos Premis Ondas i un DJ Award.<\/p>\n\n\n\n<p>Despr\u00e9s del preg\u00f3, l\u2019\u00c0liga com a representant simb\u00f2lic del poble far\u00e0 a la pla\u00e7a de la Vila el seu ball majestu\u00f3s i sonaran els onze trons en honor a Sant Anastasi per anunciar que la festa acaba de comen\u00e7ar. Els Miquelets de Badalona, a trav\u00e9s del seu ball parlat, es convertiran en gu\u00e0rdia d\u2019honor de la corporaci\u00f3 municipal i en seguici aniran a posar el mocador a Sant Anastasi. L\u2019alcalde donar\u00e0 el mocador a l\u2019enxaneta dels Castellers que, un cop coronat el pilar, el posar\u00e0 a la imatge del Sant. Finalment, el Seguici retorna a la pla\u00e7a de la Vila, on s\u2019acabar\u00e0 l\u2019acte amb les Danses de Maig, a c\u00e0rrec de l\u2019Esbart Sant Jordi.<\/p>\n\n\n\n<p>A partir de les 20 hores tindr\u00e0 lloc a la pla\u00e7a el Concert del Preg\u00f3 amb el grup <em>Abba the new experience<\/em>&nbsp;on el seu espectacle <em>Revolution<\/em>, reviuran els grans \u00e8xits del m\u00edtic grup suec.<\/p>\n\n\n\n<p>A les 22 hores ser\u00e0 el torn de la Nit del Mono ballar al so de la m\u00fasica i gaudir d\u2019una cercavila nocturna pels carrers de Badalona.<\/p>\n\n\n\n<p><strong>Nit de Sant Anastasi i Cremada del Dimoni<\/strong><\/p>\n\n\n\n<p>Els actes de la Nit de Sant Anastasi, copatr\u00f3 de la ciutat de Badalona, s\u2019inicien el dissabte 10 de maig a partir de les 19.30 hores amb el <strong>Ball a Pla\u00e7a<\/strong>, amb els balls de llu\u00efment a la pla\u00e7a per despr\u00e9s continuar amb el <strong>Seguici de la ciutat<\/strong>&nbsp;que es dirigir\u00e0 fins al passeig Mar\u00edtim per acomiadar-se del Dimoni. All\u00e0, a partir de les 21.30 hores tindr\u00e0 lloc l\u2019<strong>Acte Sacramental<\/strong>, a c\u00e0rrec dels Diables de Badalona, on es recitaran reciten versots sat\u00edrics fent refer\u00e8ncia a temes locals o generals d\u2019actualitat. Finalment, triomfa el B\u00e9 i, per tant, cal cremar el Dimoni.<\/p>\n\n\n\n<p>Tamb\u00e9 al passeig de la Rambla hi haur\u00e0 el <strong>Ball de l\u2019\u00c0liga<\/strong>, a c\u00e0rrec de la Colla de Geganters de Badalona. Es tracta d\u2019un ball simb\u00f2lic que representa la uni\u00f3 de tots els ciutadans i el comiat simb\u00f2lic del Dimoni per part de la ciutadania.<\/p>\n\n\n\n<p>A les 22 hores tindr\u00e0 lloc l\u2019<strong>espectacle de drons <\/strong>a la platja dels Pescador anomenat <strong><em>Badalona: una ciutat de somni, <\/em><\/strong>un espectacle amb 500 drons, m\u00e9s de doble que l\u2019any passat, que representaran figures de llum al cel acompanyades de m\u00fasica que passejaran pels s\u00edmbols de la hist\u00f2ria de la nostra ciutat a trav\u00e9s de figures espectaculars creades especialment per a l\u2019ocasi\u00f3.<\/p>\n\n\n\n<p>A continuaci\u00f3 tindr\u00e0 lloc el <strong>Piromusical.<\/strong>&nbsp;Els focs artificials brillaran damunt del cel de Badalona al comp\u00e0s d\u2019una seleccionada recopilaci\u00f3 de can\u00e7ons emblem\u00e0tiques.<\/p>\n\n\n\n<p>Tot seguit, el foc acabar\u00e0 devorant la figura del dimoni \u201cEl voluntari m\u00e9s endimoniat\u201d.<\/p>\n\n\n\n<p><strong>Concerts de Festes<\/strong><\/p>\n\n\n\n<p>La m\u00fasica formar\u00e0 part molt important dels actes de les Festes de Maig.<\/p>\n\n\n\n<p><strong>L\u2019escenari situat al passeig Mar\u00edtim <\/strong>acollir\u00e0 les propostes musicals seg\u00fcents<\/p>\n\n\n\n<p><strong>Divendres, 9 de maig<\/strong><\/p>\n\n\n\n<p>\u00b7 21 hores. <strong>Edu Esteve<\/strong>. Despr\u00e9s d\u2019\u00e8xits com La Primavera o No Vull Despertar, l\u2019artista badalon\u00ed torna a les Festes de Maig amb Colors, un nou \u00e0lbum que incorpora una sonoritat renovada i elements visuals.<\/p>\n\n\n\n<p>\u00b7 22.30 hores. <strong>Nena Daconte<\/strong>. Icona del pop en castell\u00e0, torna amb La Escafandra, un disc que recorre les etapes de l\u2019amor, de l\u2019enamorament al desengany. Presentar\u00e0 un espectacle amb m\u00fasica electr\u00f2nica amb guitarres fuzz, i les seves inconfusibles lletres emocionants.<\/p>\n\n\n\n<p>\u00b7 24 hores. <strong>Doctor Prats<\/strong>. La banda festiva per excel\u00b7l\u00e8ncia torna amb nou disc i un directe fidel al seu estil. Sons mediterranis amb tend\u00e8ncies actuals amb el que celebren els seus primers 10 anys de traject\u00f2ria.<\/p>\n\n\n\n<p><strong>Dissabte, 10 de maig<\/strong><\/p>\n\n\n\n<p>\u00b7 23.30 hores. <strong>Omar Montes<\/strong>. Fusiona el flamenc amb ritmes afroamericans, i s\u2019ha consolidat com un dels m\u00e0xims exponents del nou \u201cflamenc urb\u00e0\u201d combinant trap, hip hop, EDM, reggae i reggaeton amb flamenc. No para d\u2019acumular \u00e8xits, convertint cada nou llan\u00e7ament en un hit musical i posicionant-se en les principals <em>playlist<\/em>.<\/p>\n\n\n\n<p>-Seguidament, a les 01.15 hores, hi haur\u00e0 un segon concert, d\u2019un grup amb qualitat musical i traject\u00f2ria contrastada, que per q\u00fcestions contractuals es far\u00e0 p\u00fablic en els pr\u00f2xims dies.<\/p>\n\n\n\n<p><strong>Escenari a la<\/strong><strong>pla\u00e7a del president Tarradellas<\/strong><\/p>\n\n\n\n<p><strong>Dissabte, 17 de maig<\/strong><\/p>\n\n\n\n<p>\u00b7 19 hores. <strong>BDN Music Session: La Gran Festa dels 80!<\/strong><\/p>\n\n\n\n<p>Aquest any, Badalona estrena un esdeveniment \u00fanic i mai vist a la ciutat: un espectacular <em>tardeo<\/em>&nbsp;dedicat a la millor m\u00fasica dels anys 80! Una aut\u00e8ntica festa que ens transportar\u00e0 a una d\u00e8cada m\u00edtica amb els grans \u00e8xits de Queen, Michael Jackson, Madonna, Boney M, Alaska y Dinarama, Bon Jovi, Los Secretos, Depeche Mode i molts m\u00e9s! L\u2019encarregat de fer-nos viure aquesta experi\u00e8ncia ser\u00e0 el DJ Jordi Bosquet, un referent de la m\u00fasica dels 80 i 90 a Catalunya.<\/p>\n\n\n\n<p>\u00b7 23 hores. <strong>Ramonc\u00edn.<\/strong>&nbsp;Aquest artista polifac\u00e8tic ha deixat una empremta inesborrable en la hist\u00f2ria del rock a l\u2019estat, amb himnes musicals com <em>Hormig\u00f3n, Mujeres y Alcohol<\/em>, <em>Miedo a So\u00f1ar<\/em>, i <em>Rock&amp;Roll Dudu\u00e1<\/em>, entre altres temes.<\/p>\n\n\n\n<p><strong>Actes festius i propostes musicals i art\u00edstiques<\/strong><\/p>\n\n\n\n<p>La programaci\u00f3 de les Festes de Maig acull propostes musicals i art\u00edstiques com l\u2019Art Arn\u00fas, el Rac\u00f3 \u00cdntim, l\u2019Aparador esc\u00e8nic, la Festa del Badiu, el Concert de Cal Txiringu, la Mostra de Danses, Ball de Sardanes i Ball de Gralles, Concert de l\u2019Escola de M\u00fasica Moderna de Badalona \/ Concert de la Banda Simf\u00f2nica de Badalona, la Fira de l\u2019Arrop, la Diada Castellera, la Festa a Baix a Mar i altres, a les quals cal afegir activitats esportives com 45a Cursa Popular Ciutat de Badalona. La Cursa del Dimoni! que es poden consultar a l\u2019enlla\u00e7 seg\u00fcent:<\/p>\n\n\n\n<p>Wwww.programaciofestesdemaigbadalona2025- cal posar aqu\u00ed l\u2019enlla\u00e7<\/p>\n\n\n\n<p><strong>Unes Festes de Maig amb zero agressions. Programa Apropa\u2019t, avancem cap a un futur de zero agressions<\/strong><\/p>\n\n\n\n<p>L\u2019Ajuntament de Badalona aposta, un any m\u00e9s, per unes festes lliures d\u2019agressions sexuals i sexisme, on tothom pugui gaudir de la ciutat i dels espais p\u00fablics amb total llibertat. Totes les persones tenen el dret de gaudir de les festes i dels espais d\u2019oci de Badalona sense sentir-nos violentades,<\/p>\n\n\n\n<p>assetjades o agredides.<\/p>\n\n\n\n<p>En qualsevol cas de viol\u00e8ncia, assetjament o agressi\u00f3, o si s\u2019observa una situaci\u00f3 d\u2019agressi\u00f3 sexual es pot comunicar a les autoritats o trucant als tel\u00e8fons seg\u00fcents:<\/p>\n\n\n\n<p>93 483 29 01 (Gu\u00e0rdia Urbana), 112 (emerg\u00e8ncies) o als tel\u00e8fons contra la viol\u00e8ncia masclista: 900 900 120 \/ 016 \/ 600 000 016. Tots aquests serveis estan disponibles les 24 hores.<\/p>\n\n\n\n<p><strong>Maig Inclusiu<\/strong><\/p>\n\n\n\n<p>Seguint la l\u00ednia iniciada fa uns anys de treballar cap a unes Festes de Maig cada vegada m\u00e9s inclusives, enguany s\u2019incorporen noves accions com \u00e9s la nova programaci\u00f3 art\u00edstica de carrer que s\u2019estrena aquest any sota el t\u00edtol d\u2019<strong>Aparador esc\u00e8nic<\/strong>, que culminar\u00e0 el dia 25 de maig a l\u2019Escorxador amb diversos espectacles inclusius,<\/p>\n\n\n\n<p>Interpretaci\u00f3 del <strong>preg\u00f3 en llenguatge de signes<\/strong>.<\/p>\n\n\n\n<p><strong>Motxilles vibrat\u00f2ries<\/strong>&nbsp;disponibles als concerts del passeig Mar\u00edtim dels dies 9 i 10 de maig. Cal reserva pr\u00e8via a <a href=\"mailto:cultura@badalona.cat\">cultura@badalona.cat<\/a>.<\/p>\n\n\n\n<p><strong>Espais reservats per a persones amb diversitat funcional<\/strong><\/p>\n\n\n\n<p>Amb un sol acompanyant per persona.<\/p>\n\n\n\n<p><strong>Cremada del Dimoni<\/strong>: l\u2019espai est\u00e0 situat al passeig Mar\u00edtim, al costat de la caseta dels Pescadors. Cal accedir-hi pel pas subterrani de l\u2019avinguda d\u2019en Mart\u00ed Pujol. Es recomana arribar-hi abans de les 21 hores.<\/p>\n\n\n\n<p><strong>Concerts de Festes<\/strong>&nbsp;al passeig Mar\u00edtim: per accedir a l\u2019espai reservat cal dirigir-se al personal de control d\u2019acc\u00e9s que hi haur\u00e0 al costat de l\u2019escenari dels concerts situat al final del passeig Mar\u00edtim (tocant al Port) accedint pel carrer de Cervantes.<\/p>\n\n\n\n<p><strong>Mocador de les Festes de Maig<\/strong><\/p>\n\n\n\n<p>Espais per a la seva venda al preu d\u20191 \u20ac.<\/p>\n\n\n\n<p>A partir del 23 d\u2019abril fins a exhaurir les exist\u00e8ncies.<\/p>\n\n\n\n<p><strong>Oficina de Turisme de Badalona<\/strong>. C. de Francesc Layret, 78-82<\/p>\n\n\n\n<p>De dilluns a diumenge i festius, de 10 a 14 h, i de dimarts a divendres, de 16 a 18.30 h.<\/p>\n\n\n\n<p>Ampliaci\u00f3 hor\u00e0ria del servei de venda:<\/p>\n\n\n\n<p>Dilluns 28 d\u2019abril, de 16 a 18.30 h. \/Divendres 2 i dissabte 10 de maig, obert fins a les 20 h.<\/p>\n\n\n\n<p>A partir del 28 d\u2019abril fins a exhaurir les exist\u00e8ncies:<\/p>\n\n\n\n<p><strong>Xarxa Municipal de Biblioteques de Badalona<\/strong><\/p>\n\n\n\n<p>\u2022 Espai Bet\u00falia. C. d&#8217;Enric Borr\u00e0s, 43-45<\/p>\n\n\n\n<p>\u2022 Biblioteca Canyad\u00f3 i Casagemes &#8211; Joan Argent\u00e9. C. de Jacinto Benavente, 3<\/p>\n\n\n\n<p>\u2022 Biblioteca Llefi\u00e0 &#8211; Xavier Soto. C. del Planeta Mart, 2-10<\/p>\n\n\n\n<p>\u2022 Biblioteca Lloreda. Av. de Catalunya, bloc 56-62<\/p>\n\n\n\n<p>\u2022 Biblioteca Pomar. Av. del Primer de Maig, s\/n<\/p>\n\n\n\n<p>\u2022 Biblioteca Sant Roc. Av. del Congr\u00e9s Eucar\u00edstic, s\/n<\/p>\n\n\n\n<p>Podeu consultar <a href=\"https:\/\/www.badalona.cat\/ca\/serveis-ajuntament\/cultura\/festes\/festes-maig\/festes-de-maig-2025\">tota la informaci\u00f3 sobre les Festes de Maig d\u2019enguany al web municipal.<\/a><\/p>\n","protected":false},"excerpt":{"rendered":"<p>La tecnologia i la llum tornaran a ser protagonistes aquest any en l\u2019acte central de les Festes de Maig amb un espectacle amb 500 drons que representaran figures de llum al cel acompanyades de m\u00fasica. Aquest espectacle es far\u00e0 el vespre del 10 de maig, vig\u00edlia de Sant Anastasi, abans del piromusical i de la [&hellip;]<\/p>\n","protected":false},"author":2,"featured_media":8710,"comment_status":"closed","ping_status":"open","sticky":false,"template":"","format":"standard","meta":{"footnotes":""},"categories":[25],"tags":[],"class_list":{"0":"post-8709","1":"post","2":"type-post","3":"status-publish","4":"format-standard","5":"has-post-thumbnail","7":"category-cultura"},"_links":{"self":[{"href":"https:\/\/areabadalona.com\/diario\/wp-json\/wp\/v2\/posts\/8709","targetHints":{"allow":["GET"]}}],"collection":[{"href":"https:\/\/areabadalona.com\/diario\/wp-json\/wp\/v2\/posts"}],"about":[{"href":"https:\/\/areabadalona.com\/diario\/wp-json\/wp\/v2\/types\/post"}],"author":[{"embeddable":true,"href":"https:\/\/areabadalona.com\/diario\/wp-json\/wp\/v2\/users\/2"}],"replies":[{"embeddable":true,"href":"https:\/\/areabadalona.com\/diario\/wp-json\/wp\/v2\/comments?post=8709"}],"version-history":[{"count":1,"href":"https:\/\/areabadalona.com\/diario\/wp-json\/wp\/v2\/posts\/8709\/revisions"}],"predecessor-version":[{"id":8711,"href":"https:\/\/areabadalona.com\/diario\/wp-json\/wp\/v2\/posts\/8709\/revisions\/8711"}],"wp:featuredmedia":[{"embeddable":true,"href":"https:\/\/areabadalona.com\/diario\/wp-json\/wp\/v2\/media\/8710"}],"wp:attachment":[{"href":"https:\/\/areabadalona.com\/diario\/wp-json\/wp\/v2\/media?parent=8709"}],"wp:term":[{"taxonomy":"category","embeddable":true,"href":"https:\/\/areabadalona.com\/diario\/wp-json\/wp\/v2\/categories?post=8709"},{"taxonomy":"post_tag","embeddable":true,"href":"https:\/\/areabadalona.com\/diario\/wp-json\/wp\/v2\/tags?post=8709"}],"curies":[{"name":"wp","href":"https:\/\/api.w.org\/{rel}","templated":true}]}}