{"id":8620,"date":"2025-03-31T11:30:55","date_gmt":"2025-03-31T11:30:55","guid":{"rendered":"https:\/\/areabadalona.com\/diario\/?p=8620"},"modified":"2025-03-31T11:30:56","modified_gmt":"2025-03-31T11:30:56","slug":"dilluns-31-de-marc-dia-mundial-contra-el-cancer-de-colon","status":"publish","type":"post","link":"https:\/\/areabadalona.com\/diario\/2025\/03\/31\/dilluns-31-de-marc-dia-mundial-contra-el-cancer-de-colon\/","title":{"rendered":"Dilluns 31 de mar\u00e7, Dia Mundial Contra el C\u00e0ncer de C\u00f2lon"},"content":{"rendered":"\n<p>El Programa de Detecci\u00f3 Preco\u00e7 del C\u00e0ncer de C\u00f2lon i Recte es dirigeix a tots els homes i dones de Badalona d\u2019entre 50 i 69 anys, als quals cada dos anys se\u2019ls convida a participar-hi mitjan\u00e7ant una carta informativa. La prova \u00e9s senzilla i no invasiva: consisteix en un test per detectar sang oculta en femta, que es pot recollir de manera gratu\u00efta a les farm\u00e0cies adherides. En cas de resultat positiu, es realitza una colonosc\u00f2pia per confirmar el diagn\u00f2stic i establir el tractament adequat.<\/p>\n\n\n\n<p>Des del seu inici a Badalona l&#8217;any 2015, s\u2019han realitzat un total de 146.127 tests de sang oculta en femta a persones d\u2019entre 50 i 69 anys que ha fet possible la detecci\u00f3 de m\u00e9s de 2.250 lesions precanceroses (adenomes) i 226 casos de c\u00e0ncer colorectal, la majoria en fases inicials.<\/p>\n\n\n\n<p>Malgrat que la participaci\u00f3 en el programa ha augmentat des del 2015, passant del 32,6% al 44,1%, que \u00e9s el percentatge de participaci\u00f3 que s&#8217;observa a nivell de Catalunya, encara hi ha un percentatge important de la poblaci\u00f3 que no se\u2019n beneficia i alguns territoris on la participaci\u00f3 \u00e9s significativament m\u00e9s baixa, com \u00e9s el cas de l&#8217;ABS Badalona 5 (Sant Roc).<\/p>\n\n\n\n<p>Amb l&#8217;objectiu de millorar la participaci\u00f3 de la ciutadania i l&#8217;accessibilitat al programa, l\u2019Ajuntament de Badalona, impulsar\u00e0 l&#8217;acci\u00f3 comunit\u00e0ria i la col\u00b7laboraci\u00f3 amb les \u00e0rees b\u00e0siques de salut, les farm\u00e0cies, els serveis sanitaris de Badalona i les entitats de suport social i associatives amb l\u2019objectiu d\u2019augmentar la participaci\u00f3 i garantir que m\u00e9s persones es benefici\u00efn d\u2019aquesta eina de prevenci\u00f3.<\/p>\n\n\n\n<p>Cal recordar que el C\u00e0ncer de C\u00f2lon i Recte \u00e9s el c\u00e0ncer m\u00e9s freq\u00fcent entre la poblaci\u00f3, d&#8217;aqu\u00ed la import\u00e0ncia de la detecci\u00f3 preco\u00e7 i d&#8217;adoptar estils de vida saludables per prevenir-lo, com s\u00f3n tenir una dieta rica en fruites i verdures, reduir el consum de carn vermella i processada, i evitar el tabac i l\u2019alcohol.<\/p>\n\n\n\n<p>El Programa de Detecci\u00f3 Preco\u00e7 del C\u00e0ncer de C\u00f2lon i Recte \u00e9s un Programa del Departament de Salut de la Generalitat adre\u00e7at a tots els homes i dones d\u2019entre 50 i 69 anys, als quals cada dos anys se\u2019ls convida a participar-hi mitjan\u00e7ant una carta informativa.<\/p>\n","protected":false},"excerpt":{"rendered":"<p>El Programa de Detecci\u00f3 Preco\u00e7 del C\u00e0ncer de C\u00f2lon i Recte es dirigeix a tots els homes i dones de Badalona d\u2019entre 50 i 69 anys, als quals cada dos anys se\u2019ls convida a participar-hi mitjan\u00e7ant una carta informativa. La prova \u00e9s senzilla i no invasiva: consisteix en un test per detectar sang oculta en [&hellip;]<\/p>\n","protected":false},"author":2,"featured_media":8621,"comment_status":"closed","ping_status":"open","sticky":false,"template":"","format":"standard","meta":{"footnotes":""},"categories":[23],"tags":[],"class_list":{"0":"post-8620","1":"post","2":"type-post","3":"status-publish","4":"format-standard","5":"has-post-thumbnail","7":"category-actualitat"},"_links":{"self":[{"href":"https:\/\/areabadalona.com\/diario\/wp-json\/wp\/v2\/posts\/8620","targetHints":{"allow":["GET"]}}],"collection":[{"href":"https:\/\/areabadalona.com\/diario\/wp-json\/wp\/v2\/posts"}],"about":[{"href":"https:\/\/areabadalona.com\/diario\/wp-json\/wp\/v2\/types\/post"}],"author":[{"embeddable":true,"href":"https:\/\/areabadalona.com\/diario\/wp-json\/wp\/v2\/users\/2"}],"replies":[{"embeddable":true,"href":"https:\/\/areabadalona.com\/diario\/wp-json\/wp\/v2\/comments?post=8620"}],"version-history":[{"count":1,"href":"https:\/\/areabadalona.com\/diario\/wp-json\/wp\/v2\/posts\/8620\/revisions"}],"predecessor-version":[{"id":8622,"href":"https:\/\/areabadalona.com\/diario\/wp-json\/wp\/v2\/posts\/8620\/revisions\/8622"}],"wp:featuredmedia":[{"embeddable":true,"href":"https:\/\/areabadalona.com\/diario\/wp-json\/wp\/v2\/media\/8621"}],"wp:attachment":[{"href":"https:\/\/areabadalona.com\/diario\/wp-json\/wp\/v2\/media?parent=8620"}],"wp:term":[{"taxonomy":"category","embeddable":true,"href":"https:\/\/areabadalona.com\/diario\/wp-json\/wp\/v2\/categories?post=8620"},{"taxonomy":"post_tag","embeddable":true,"href":"https:\/\/areabadalona.com\/diario\/wp-json\/wp\/v2\/tags?post=8620"}],"curies":[{"name":"wp","href":"https:\/\/api.w.org\/{rel}","templated":true}]}}