{"id":8617,"date":"2025-03-29T11:25:57","date_gmt":"2025-03-29T11:25:57","guid":{"rendered":"https:\/\/areabadalona.com\/diario\/?p=8617"},"modified":"2025-03-31T11:27:24","modified_gmt":"2025-03-31T11:27:24","slug":"badalona-en-comu-presenta-la-seva-revista-dactualitat-politica-que-repartira-durant-els-propers-mesos-arreu-de-la-ciutat","status":"publish","type":"post","link":"https:\/\/areabadalona.com\/diario\/2025\/03\/29\/badalona-en-comu-presenta-la-seva-revista-dactualitat-politica-que-repartira-durant-els-propers-mesos-arreu-de-la-ciutat\/","title":{"rendered":"Badalona En Com\u00fa presenta la seva revista d\u2019actualitat pol\u00edtica que repartir\u00e0 durant els propers mesos arreu de la ciutat"},"content":{"rendered":"\n<p>Badalona En Com\u00fa ha presentat la seva nova revista d\u2019actualitat pol\u00edtica, una eina de comunicaci\u00f3 amb la ciutadania que es distribuir\u00e0 els propers mesos en diversos punts de la ciutat amb carpes informatives. L\u2019objectiu d\u2019aquesta publicaci\u00f3 \u00e9s apropar als ve\u00efns i ve\u00efnes de Badalona les iniciatives, propostes i posicionaments de la formaci\u00f3 en q\u00fcestions fonamentals.<\/p>\n\n\n\n<p>Segons ha explicat&nbsp;A\u00efda Llaurad\u00f3, coordinadora de Badalona En Com\u00fa, aquest butllet\u00ed vol refor\u00e7ar el di\u00e0leg directe amb la ciutadania i fer arribar una informaci\u00f3 clara i accessible sobre els temes que afecten el dia a dia de la ciutat.&nbsp;<em>\u201c<\/em><strong><em>En aquesta primera edici\u00f3 destaquem mesures sobre la principal preocupaci\u00f3 de la ciutadania: el dret a l\u2019habitatge. A m\u00e9s, destapem promeses incomplertes del govern de Badalona i destaquem les nostres propostes i accions a la ciutat<\/em><\/strong><em>\u201d<\/em>, ha afirmat.<\/p>\n\n\n\n<p>El butllet\u00ed s\u2019estructura en cinc seccions que aborden q\u00fcestions d\u2019actualitat i les propostes de Badalona En Com\u00fa:<\/p>\n\n\n\n<ol class=\"wp-block-list\">\n<li><strong>Defensem el dret a l\u2019habitatge: <\/strong>\u00c9s el titular de la portada de la revista i tamb\u00e9 \u00e9s el tema m\u00e9s desenvolupat a la publicaci\u00f3.<strong> <\/strong>\u00a0Explica el r\u00e8gim sancionador contra els propietaris que incompleixen la Llei d\u2019Habitatge que els Comuns han aconseguit al pa\u00eds i ofereix informaci\u00f3 sobre com interposar multes. A m\u00e9s, recull les propostes dels Comuns en mat\u00e8ria d\u2019habitatge tant a nivell municipal com nacional.<\/li>\n\n\n\n<li><strong>Nova taxa de residus:<\/strong>\u00a0Analitza la imposici\u00f3 per part del govern de Xavier Garcia Albiol d\u2019una taxa anual de 108 euros, mentre els carrers de la ciutat continuen bruts.<\/li>\n\n\n\n<li><strong>Albiolades:<\/strong>\u00a0Denuncia diverses accions del govern del Partit Popular, com el desmantellament del Servei d\u2019Informaci\u00f3 i Atenci\u00f3 a les Dones (SIAD), la retallada de 300.000 euros en l\u2019Oficina Local d\u2019Habitatge (OLH) amb el suport del PSC, el tancament del Consorci Badalona Sud tamb\u00e9 amb la complicitat dels socialistes, i l\u2019increment de la criminalitat malgrat les promeses de l\u2019alcalde en mat\u00e8ria de seguretat.<\/li>\n\n\n\n<li><strong>Projectes impulsats per Badalona En Com\u00fa Podem:<\/strong>\u00a0Presenta dos projectes destacats del mandat anterior: el parc infantil davant del CEIP Llongueras i l\u2019IE La Llibertat, impulsat per A\u00efda Llaurad\u00f3, ja inaugurat, i la nova \u00e0rea de gossos de m\u00e9s de 2.000 m\u00b2 al Torrent de la Font, impulsada per Rosa Trenado des de l\u2019\u00c0rea de Benestar Animal.<\/li>\n\n\n\n<li><strong>Projectes impulsats per Yolanda D\u00edaz a l\u2019Estat:<\/strong>\u00a0Explica com les mesures de la Vicepresidenta Segona del Govern espanyol i ministra de Treball i Economia Social beneficiaran la ciutadania de Badalona. Entre aquestes iniciatives destaquen la reducci\u00f3 de la jornada laboral a 37,5 hores setmanals i la pujada del Salari M\u00ednim Interprofessional (SMI) a 1.184 \u20ac mensuals. Tamb\u00e9 es manifesta el desacord amb la decisi\u00f3 de la ministra d\u2019Hisenda de fer tributar l\u2019IRPF al SMI.<\/li>\n<\/ol>\n\n\n\n<p>La publicaci\u00f3 els podr\u00e0 trobar en format paper en espais p\u00fablics i actes organitzats per Badalona En Com\u00fa, aix\u00ed com en format digital i a les xarxes socials de Badalona En Com\u00fa.<\/p>\n\n\n\n<p><em>\u00ab<\/em><strong><em>Volem que la ciudadania conegui de primera m\u00e0 les nostres propostes i prioritats. Tamb\u00e9 \u00e9s una eina perqu\u00e8 la gent pugui contactar amb nosaltres i compartir les seves preocupacions<\/em><\/strong><em>\u00ab<\/em>, ha concl\u00f2s Llaurad\u00f3.<\/p>\n","protected":false},"excerpt":{"rendered":"<p>Badalona En Com\u00fa ha presentat la seva nova revista d\u2019actualitat pol\u00edtica, una eina de comunicaci\u00f3 amb la ciutadania que es distribuir\u00e0 els propers mesos en diversos punts de la ciutat amb carpes informatives. L\u2019objectiu d\u2019aquesta publicaci\u00f3 \u00e9s apropar als ve\u00efns i ve\u00efnes de Badalona les iniciatives, propostes i posicionaments de la formaci\u00f3 en q\u00fcestions fonamentals. [&hellip;]<\/p>\n","protected":false},"author":2,"featured_media":8618,"comment_status":"closed","ping_status":"open","sticky":false,"template":"","format":"standard","meta":{"footnotes":""},"categories":[23],"tags":[],"class_list":{"0":"post-8617","1":"post","2":"type-post","3":"status-publish","4":"format-standard","5":"has-post-thumbnail","7":"category-actualitat"},"_links":{"self":[{"href":"https:\/\/areabadalona.com\/diario\/wp-json\/wp\/v2\/posts\/8617","targetHints":{"allow":["GET"]}}],"collection":[{"href":"https:\/\/areabadalona.com\/diario\/wp-json\/wp\/v2\/posts"}],"about":[{"href":"https:\/\/areabadalona.com\/diario\/wp-json\/wp\/v2\/types\/post"}],"author":[{"embeddable":true,"href":"https:\/\/areabadalona.com\/diario\/wp-json\/wp\/v2\/users\/2"}],"replies":[{"embeddable":true,"href":"https:\/\/areabadalona.com\/diario\/wp-json\/wp\/v2\/comments?post=8617"}],"version-history":[{"count":1,"href":"https:\/\/areabadalona.com\/diario\/wp-json\/wp\/v2\/posts\/8617\/revisions"}],"predecessor-version":[{"id":8619,"href":"https:\/\/areabadalona.com\/diario\/wp-json\/wp\/v2\/posts\/8617\/revisions\/8619"}],"wp:featuredmedia":[{"embeddable":true,"href":"https:\/\/areabadalona.com\/diario\/wp-json\/wp\/v2\/media\/8618"}],"wp:attachment":[{"href":"https:\/\/areabadalona.com\/diario\/wp-json\/wp\/v2\/media?parent=8617"}],"wp:term":[{"taxonomy":"category","embeddable":true,"href":"https:\/\/areabadalona.com\/diario\/wp-json\/wp\/v2\/categories?post=8617"},{"taxonomy":"post_tag","embeddable":true,"href":"https:\/\/areabadalona.com\/diario\/wp-json\/wp\/v2\/tags?post=8617"}],"curies":[{"name":"wp","href":"https:\/\/api.w.org\/{rel}","templated":true}]}}